{"id":69223,"date":"2021-04-29T22:14:07","date_gmt":"2021-04-30T03:14:07","guid":{"rendered":"http:\/\/lamendigapolitica.com\/?p=69223"},"modified":"2021-04-29T22:14:07","modified_gmt":"2021-04-30T03:14:07","slug":"william-y-kate-en-su-10-aniversario-de-bodas","status":"publish","type":"post","link":"https:\/\/lamendigapolitica.com\/?p=69223","title":{"rendered":"William y Kate en su 10 aniversario de bodas"},"content":{"rendered":"<p><a href=\"https:\/\/lamendigapolitica.com\/blog\/wp-content\/uploads\/2021\/04\/444.jpeg\"><img loading=\"lazy\" decoding=\"async\" class=\"aligncenter size-full wp-image-69224\" src=\"https:\/\/lamendigapolitica.com\/blog\/wp-content\/uploads\/2021\/04\/444.jpeg\" alt=\"\" width=\"800\" height=\"636\" \/><\/a><\/p>\n<p class=\"Component-root-0-2-57 Component-p-0-2-48\">AP.\u2014 El duque y la duquesa de Cambridge celebraron el jueves su 10mo aniversario de bodas publicando un video y fotograf\u00edas en las que lucen felices en su vida dom\u00e9stica, algo que contrasta con las tensiones que han marcado a la familia real brit\u00e1nica en semanas recientes<\/p>\n<p class=\"Component-root-0-2-57 Component-p-0-2-48\">En dos fotograf\u00edas el pr\u00edncipe Guillermo, segundo en la l\u00ednea de sucesi\u00f3n al trono, y Catalina, conocida antes como Kate Middleton, aparecen vestidos en tonos complementarios de azul. Un video publicado m\u00e1s tarde los muestra jugando acompa\u00f1ados por sus hijos sonrientes caminando cerca del mar.<!--more--><\/p>\n<p class=\"Component-root-0-2-57 Component-p-0-2-48\">Guillermo se cas\u00f3 con su excompa\u00f1era de piso de la universidad el 29 de abril de 2011 en la Abad\u00eda de Westminster, en una ceremonia vista por televisi\u00f3n a nivel mundial. La pareja tiene tres hijos: Jorge, de 7 a\u00f1os, Carlota, de 5, y Luis, de 3. El regalo tradicional para el 10mo aniversario de bodas es aluminio, s\u00edmbolo de durabilidad.<\/p>\n<p class=\"Component-root-0-2-57 Component-p-0-2-48\">\u201cGracias a todos por estos lindos mensajes en nuestro aniversario de bodas\u201d, dijo la pareja en su cuenta de Twitter. \u201cEstamos enormemente agradecidos por los 10 a\u00f1os de apoyo que hemos recibido en nuestras vidas como familia\u201d.<\/p>\n<p class=\"Component-root-0-2-57 Component-p-0-2-48\">La celebraci\u00f3n llega 12 d\u00edas despu\u00e9s del funeral del pr\u00edncipe Felipe, el abuelo de Guillermo, quien muri\u00f3 el 9 de abril a los 99 a\u00f1os.<\/p>\n<p class=\"Component-root-0-2-57 Component-p-0-2-48\">El mes pasado la familia se vio afectada por una entrevista en la que el pr\u00edncipe Enrique y su esposa, Meghan, afirmaron que el personal del palacio hab\u00eda sido insensible con ella y que un miembro de la familia real hab\u00eda hecho comentarios racistas sobre el primer hijo de la pareja. Enrique, el hermano menor de Guillermo, renunci\u00f3 a sus deberes reales el a\u00f1o pasado y se mud\u00f3 a California con su esposa y su hijo.<\/p>\n","protected":false},"excerpt":{"rendered":"<p>AP.\u2014 El duque y la duquesa de Cambridge celebraron el jueves su 10mo aniversario de bodas publicando un video y fotograf\u00edas en las que lucen felices en su vida dom\u00e9stica, algo que contrasta con las tensiones que han marcado a la familia real brit\u00e1nica en semanas recientes En dos fotograf\u00edas el pr\u00edncipe Guillermo, segundo en &hellip; <\/p>\n<p><a class=\"more-link btn\" href=\"https:\/\/lamendigapolitica.com\/?p=69223\">Seguir leyendo<\/a><\/p>\n","protected":false},"author":1,"featured_media":0,"comment_status":"open","ping_status":"closed","sticky":false,"template":"","format":"standard","meta":{"footnotes":""},"categories":[36,20,22],"tags":[],"class_list":["post-69223","post","type-post","status-publish","format-standard","hentry","category-espectaculos","category-gobierno","category-sociales","item-wrap"],"_links":{"self":[{"href":"https:\/\/lamendigapolitica.com\/index.php?rest_route=\/wp\/v2\/posts\/69223","targetHints":{"allow":["GET"]}}],"collection":[{"href":"https:\/\/lamendigapolitica.com\/index.php?rest_route=\/wp\/v2\/posts"}],"about":[{"href":"https:\/\/lamendigapolitica.com\/index.php?rest_route=\/wp\/v2\/types\/post"}],"author":[{"embeddable":true,"href":"https:\/\/lamendigapolitica.com\/index.php?rest_route=\/wp\/v2\/users\/1"}],"replies":[{"embeddable":true,"href":"https:\/\/lamendigapolitica.com\/index.php?rest_route=%2Fwp%2Fv2%2Fcomments&post=69223"}],"version-history":[{"count":1,"href":"https:\/\/lamendigapolitica.com\/index.php?rest_route=\/wp\/v2\/posts\/69223\/revisions"}],"predecessor-version":[{"id":69225,"href":"https:\/\/lamendigapolitica.com\/index.php?rest_route=\/wp\/v2\/posts\/69223\/revisions\/69225"}],"wp:attachment":[{"href":"https:\/\/lamendigapolitica.com\/index.php?rest_route=%2Fwp%2Fv2%2Fmedia&parent=69223"}],"wp:term":[{"taxonomy":"category","embeddable":true,"href":"https:\/\/lamendigapolitica.com\/index.php?rest_route=%2Fwp%2Fv2%2Fcategories&post=69223"},{"taxonomy":"post_tag","embeddable":true,"href":"https:\/\/lamendigapolitica.com\/index.php?rest_route=%2Fwp%2Fv2%2Ftags&post=69223"}],"curies":[{"name":"wp","href":"https:\/\/api.w.org\/{rel}","templated":true}]}}