{"id":69187,"date":"2021-04-27T20:34:54","date_gmt":"2021-04-28T01:34:54","guid":{"rendered":"http:\/\/lamendigapolitica.com\/?p=69187"},"modified":"2021-04-27T20:34:54","modified_gmt":"2021-04-28T01:34:54","slug":"reina-isabel-ii-retoma-compromisos-publicos","status":"publish","type":"post","link":"https:\/\/lamendigapolitica.com\/?p=69187","title":{"rendered":"Reina Isabel II retoma compromisos p\u00fablicos"},"content":{"rendered":"<p><a href=\"https:\/\/lamendigapolitica.com\/blog\/wp-content\/uploads\/2021\/04\/1000-4.jpeg\"><img loading=\"lazy\" decoding=\"async\" class=\"aligncenter size-full wp-image-69188\" src=\"https:\/\/lamendigapolitica.com\/blog\/wp-content\/uploads\/2021\/04\/1000-4.jpeg\" alt=\"\" width=\"1000\" height=\"750\" \/><\/a><\/p>\n<p>AP.\u2014 La reina Isabel II realiz\u00f3 el martes sus primeros compromisos v\u00eda video desde el funeral de su esposo el pr\u00edncipe Felipe, continuando con sus deberes reales al recibir formalmente las credenciales de las nuevas embajadoras de Costa de Marfil y Letonia.<\/p>\n<p>La monarca de 95 a\u00f1os realiz\u00f3 audiencias virtuales desde el Castillo de Windsor, donde ha vivido durante la pandemia de COVID-19, mientras que las embajadoras se encontraban a 20 millas (32 kil\u00f3metros) en el Palacio de Buckingham en el centro de Londres.<!--more--><\/p>\n<p>La reina, quien termin\u00f3 dos semanas de luto real el viernes, llevaba un vestido floral y perlas para la ocasi\u00f3n.<\/p>\n<p>Videos de los eventos fueron los primeros divulgados para el p\u00fablico desde el funeral de Felipe realizado el 17 de abril en la Capilla de San Jorge en Windsor. Las reglas de distanciamiento social estrictas obligaron a la reina a sentarse sola durante la misa del funeral, algo que conmovi\u00f3 a muchos que han sufrido p\u00e9rdidas durante la pandemia.<\/p>\n<p>Pero como se esperaba, ella ha vuelto a trabajar y a la vista p\u00fablica.<\/p>\n<p>La semana previa al funeral, la reina asisti\u00f3 al retiro de su Lord Chambel\u00e1n, quien organiza todos sus eventos ceremoniales para el palacio, y dio la bienvenida a su reemplazo. Ninguno de estos eventos fue fotografiado.<\/p>\n<p>La reina celebr\u00f3 su cumplea\u00f1os la semana pasada y us\u00f3 la ocasi\u00f3n para expresar su gratitud para todos aquellos que rindieron homenaje a Felipe, su esposo por 73 a\u00f1os.<\/p>\n<p>La familia real est\u00e1 en \u201cun periodo de gran tristeza\u201d pero ha encontrado consuelo en las palabras de elogio para el duque, dijo.<\/p>\n","protected":false},"excerpt":{"rendered":"<p>AP.\u2014 La reina Isabel II realiz\u00f3 el martes sus primeros compromisos v\u00eda video desde el funeral de su esposo el pr\u00edncipe Felipe, continuando con sus deberes reales al recibir formalmente las credenciales de las nuevas embajadoras de Costa de Marfil y Letonia. La monarca de 95 a\u00f1os realiz\u00f3 audiencias virtuales desde el Castillo de Windsor, &hellip; <\/p>\n<p><a class=\"more-link btn\" href=\"https:\/\/lamendigapolitica.com\/?p=69187\">Seguir leyendo<\/a><\/p>\n","protected":false},"author":1,"featured_media":0,"comment_status":"open","ping_status":"closed","sticky":false,"template":"","format":"standard","meta":{"footnotes":""},"categories":[36,20,31],"tags":[],"class_list":["post-69187","post","type-post","status-publish","format-standard","hentry","category-espectaculos","category-gobierno","category-internacional","item-wrap"],"_links":{"self":[{"href":"https:\/\/lamendigapolitica.com\/index.php?rest_route=\/wp\/v2\/posts\/69187","targetHints":{"allow":["GET"]}}],"collection":[{"href":"https:\/\/lamendigapolitica.com\/index.php?rest_route=\/wp\/v2\/posts"}],"about":[{"href":"https:\/\/lamendigapolitica.com\/index.php?rest_route=\/wp\/v2\/types\/post"}],"author":[{"embeddable":true,"href":"https:\/\/lamendigapolitica.com\/index.php?rest_route=\/wp\/v2\/users\/1"}],"replies":[{"embeddable":true,"href":"https:\/\/lamendigapolitica.com\/index.php?rest_route=%2Fwp%2Fv2%2Fcomments&post=69187"}],"version-history":[{"count":1,"href":"https:\/\/lamendigapolitica.com\/index.php?rest_route=\/wp\/v2\/posts\/69187\/revisions"}],"predecessor-version":[{"id":69189,"href":"https:\/\/lamendigapolitica.com\/index.php?rest_route=\/wp\/v2\/posts\/69187\/revisions\/69189"}],"wp:attachment":[{"href":"https:\/\/lamendigapolitica.com\/index.php?rest_route=%2Fwp%2Fv2%2Fmedia&parent=69187"}],"wp:term":[{"taxonomy":"category","embeddable":true,"href":"https:\/\/lamendigapolitica.com\/index.php?rest_route=%2Fwp%2Fv2%2Fcategories&post=69187"},{"taxonomy":"post_tag","embeddable":true,"href":"https:\/\/lamendigapolitica.com\/index.php?rest_route=%2Fwp%2Fv2%2Ftags&post=69187"}],"curies":[{"name":"wp","href":"https:\/\/api.w.org\/{rel}","templated":true}]}}