{"id":69169,"date":"2021-04-25T20:15:44","date_gmt":"2021-04-26T01:15:44","guid":{"rendered":"http:\/\/lamendigapolitica.com\/?p=69169"},"modified":"2021-04-25T20:15:44","modified_gmt":"2021-04-26T01:15:44","slug":"willie-colon-sufre-accidente-de-trafico","status":"publish","type":"post","link":"https:\/\/lamendigapolitica.com\/?p=69169","title":{"rendered":"Willie Col\u00f3n sufre accidente de tr\u00e1fico"},"content":{"rendered":"<p><a href=\"https:\/\/lamendigapolitica.com\/blog\/wp-content\/uploads\/2021\/04\/IAKGRZVSYZGJDLXIJI2FBCADVQ.jpg\"><img loading=\"lazy\" decoding=\"async\" class=\"aligncenter size-full wp-image-69170\" src=\"https:\/\/lamendigapolitica.com\/blog\/wp-content\/uploads\/2021\/04\/IAKGRZVSYZGJDLXIJI2FBCADVQ.jpg\" alt=\"\" width=\"1200\" height=\"675\" \/><\/a><\/p>\n<p>El m\u00fasico Willie Col\u00f3n, conocido tambi\u00e9n como \u00abThe King Of Salsa\u00bb, fue ingresado en un hospital de Virginia (EE.UU.) tras sufrir un accidente de tr\u00e1fico cuando viajaba en una autocaravana con su mujer, Julia, seg\u00fan un comunicado de su jefe de comunicaci\u00f3n, Neil MacCarty.<\/p>\n<p>Col\u00f3n se encuentra en \u00abestado grave, pero estable\u00bb, asegur\u00f3 la nota, que detalla que el siniestro tuvo lugar el pasado 20 de abril cuando viajaban en una autocaravana por la regi\u00f3n de Outer Banks, en el estado de Carolina del Norte.<\/p>\n","protected":false},"excerpt":{"rendered":"<p>El m\u00fasico Willie Col\u00f3n, conocido tambi\u00e9n como \u00abThe King Of Salsa\u00bb, fue ingresado en un hospital de Virginia (EE.UU.) tras sufrir un accidente de tr\u00e1fico cuando viajaba en una autocaravana con su mujer, Julia, seg\u00fan un comunicado de su jefe de comunicaci\u00f3n, Neil MacCarty. Col\u00f3n se encuentra en \u00abestado grave, pero estable\u00bb, asegur\u00f3 la nota, &hellip; <\/p>\n<p><a class=\"more-link btn\" href=\"https:\/\/lamendigapolitica.com\/?p=69169\">Seguir leyendo<\/a><\/p>\n","protected":false},"author":1,"featured_media":0,"comment_status":"open","ping_status":"closed","sticky":false,"template":"","format":"standard","meta":{"footnotes":""},"categories":[26,36,27],"tags":[],"class_list":["post-69169","post","type-post","status-publish","format-standard","hentry","category-cultura","category-espectaculos","category-seguridad","item-wrap"],"_links":{"self":[{"href":"https:\/\/lamendigapolitica.com\/index.php?rest_route=\/wp\/v2\/posts\/69169","targetHints":{"allow":["GET"]}}],"collection":[{"href":"https:\/\/lamendigapolitica.com\/index.php?rest_route=\/wp\/v2\/posts"}],"about":[{"href":"https:\/\/lamendigapolitica.com\/index.php?rest_route=\/wp\/v2\/types\/post"}],"author":[{"embeddable":true,"href":"https:\/\/lamendigapolitica.com\/index.php?rest_route=\/wp\/v2\/users\/1"}],"replies":[{"embeddable":true,"href":"https:\/\/lamendigapolitica.com\/index.php?rest_route=%2Fwp%2Fv2%2Fcomments&post=69169"}],"version-history":[{"count":1,"href":"https:\/\/lamendigapolitica.com\/index.php?rest_route=\/wp\/v2\/posts\/69169\/revisions"}],"predecessor-version":[{"id":69171,"href":"https:\/\/lamendigapolitica.com\/index.php?rest_route=\/wp\/v2\/posts\/69169\/revisions\/69171"}],"wp:attachment":[{"href":"https:\/\/lamendigapolitica.com\/index.php?rest_route=%2Fwp%2Fv2%2Fmedia&parent=69169"}],"wp:term":[{"taxonomy":"category","embeddable":true,"href":"https:\/\/lamendigapolitica.com\/index.php?rest_route=%2Fwp%2Fv2%2Fcategories&post=69169"},{"taxonomy":"post_tag","embeddable":true,"href":"https:\/\/lamendigapolitica.com\/index.php?rest_route=%2Fwp%2Fv2%2Ftags&post=69169"}],"curies":[{"name":"wp","href":"https:\/\/api.w.org\/{rel}","templated":true}]}}