{"id":69058,"date":"2021-04-16T22:40:29","date_gmt":"2021-04-17T03:40:29","guid":{"rendered":"http:\/\/lamendigapolitica.com\/?p=69058"},"modified":"2021-04-16T22:40:29","modified_gmt":"2021-04-17T03:40:29","slug":"fuerzas-armadas-se-preparan-para-funeral-del-principe-felipe","status":"publish","type":"post","link":"https:\/\/lamendigapolitica.com\/?p=69058","title":{"rendered":"Fuerzas armadas se preparan para funeral del pr\u00edncipe Felipe"},"content":{"rendered":"<p><a href=\"https:\/\/lamendigapolitica.com\/blog\/wp-content\/uploads\/2021\/04\/1000-3.jpeg\"><img loading=\"lazy\" decoding=\"async\" class=\"aligncenter size-full wp-image-69060\" src=\"https:\/\/lamendigapolitica.com\/blog\/wp-content\/uploads\/2021\/04\/1000-3.jpeg\" alt=\"\" width=\"1000\" height=\"634\" \/><\/a><\/p>\n<p class=\"Component-root-0-2-57 Component-p-0-2-48\">Ap. \u2014 Soldados, marinos y personal de la fuerza a\u00e9rea de Reino Unido practicaban, pul\u00edan y hac\u00edan preparativos finales el viernes para el funeral del pr\u00edncipe Felipe: un servicio con honores marciales y a la vez un toque personal para honrar la vida de un patriarca que tambi\u00e9n fue uno de los cada vez menos numerosos veteranos de la Segunda Guerra Mundial.<!--more--><\/p>\n<p class=\"Component-root-0-2-57 Component-p-0-2-48\">M\u00e1s de 700 miembros de las fuerzas armadas participar\u00e1n en el funeral del s\u00e1bado en el Castillo de Windsor, entre ellos bandas de guerra, cornetines de los Marines Reales y una guardia de honor con integrantes diversos de las fuerzas armadas.<\/p>\n<p class=\"Component-root-0-2-57 Component-p-0-2-48\">Pero las restricciones por la pandemia de coronavirus significan que, en lugar de los 800 invitados incluidos originalmente en los planes del funeral para la muerte de Felipe, s\u00f3lo habr\u00e1 30 invitados dentro de la Capilla de San Jorge, incluyendo a la reina Isabel II, viuda de Felipe, y sus cuatro hijos.<\/p>\n<p class=\"Component-root-0-2-57 Component-p-0-2-48\">Felipe, quien muri\u00f3 el 9 de abril a los 99 a\u00f1os, estuvo muy involucrado en la planeaci\u00f3n de su funeral, un evento que reflejar\u00e1 su servicio en la Armada real y su v\u00ednculo de toda la vida con las fuerzas armadas, as\u00ed como su amor por las camionetas Land Rover. Felipe manej\u00f3 varias versiones del veh\u00edculo por d\u00e9cadas, hasta que se vio obligado a entregar su licencia de conducir a los 97 a\u00f1os tras un choque. Su cuerpo ser\u00e1 llevado a la capilla en una Land Rover Defender personalizada. La camioneta es de color verde militar y est\u00e1 abierta en la parte trasera para poder transportar un ata\u00fad.<\/p>\n<p class=\"Component-root-0-2-57 Component-p-0-2-48\">Felipe y los hijos de la reina, el pr\u00edncipe Carlos, la princesa Ana, el pr\u00edncipe Andr\u00e9s y el pr\u00edncipe Eduardo, ir\u00e1n en la procesi\u00f3n f\u00fanebre al igual que sus nietos el pr\u00edncipe Guillermo y el pr\u00edncipe Enrique, aunque ellos no ir\u00e1n lado a lado. Los hermanos, cuya relaci\u00f3n ha pasado por tensiones despu\u00e9s de la decisi\u00f3n de Enrique de renunciar a sus deberes reales y mudarse a California, flanquear\u00e1n a su primo Peter Phillips, el hijo de la princesa Ana.<\/p>\n<p class=\"Component-root-0-2-57 Component-p-0-2-48\">El momento probablemente traer\u00e1 a la memoria la imagen de Guillermo y Enrique, de entonces 15 y 12 a\u00f1os, caminando detr\u00e1s del ata\u00fad de la princesa Diana en 1997, acompa\u00f1ados por su abuelo Felipe.<\/p>\n<p class=\"Component-root-0-2-57 Component-p-0-2-48\">Bandas de las fuerzas armadas interpretar\u00e1n himnos y m\u00fasica cl\u00e1sica antes del funeral, que tambi\u00e9n estar\u00e1 precedido por un minuto de silencio nacional.<\/p>\n<p class=\"Component-root-0-2-57 Component-p-0-2-48\">Dentro de la capilla g\u00f3tica, el escenario de siglos de bodas y funerales reales, cornetines de los Marines Reales har\u00e1n sonar \u201cAction Stations\u201d, una alarma que indica a los marinos prepararse para una batalla. Fue una solicitud personal de Felipe, quien pas\u00f3 casi 14 a\u00f1os en la Armada real y rindi\u00f3 servicio en el Mediterr\u00e1neo, el Oc\u00e9ano Indico y el Pac\u00edfico durante la Segunda Guerra Mundial.<\/p>\n<p class=\"Component-root-0-2-57 Component-p-0-2-48\">A los asistentes al funeral se les ha pedido usar mascarillas y mantener el distanciamiento social dentro de la capilla, adem\u00e1s de no cantar cuando un coro de cuatro integrantes entone himnos en la ceremonia. La reina, quien pas\u00f3 gran parte del a\u00f1o pasado en aislamiento con su esposo en el Castillo de Windsor, estar\u00e1 sentada sola.<\/p>\n<p class=\"Component-root-0-2-57 Component-p-0-2-48\">En una excepci\u00f3n a las costumbres, los miembros de la familia real que han servido en las fuerzas armadas o tienen cargos militares ceremoniales llevar\u00e1n ropa de civil al funeral.<\/p>\n","protected":false},"excerpt":{"rendered":"<p>Ap. \u2014 Soldados, marinos y personal de la fuerza a\u00e9rea de Reino Unido practicaban, pul\u00edan y hac\u00edan preparativos finales el viernes para el funeral del pr\u00edncipe Felipe: un servicio con honores marciales y a la vez un toque personal para honrar la vida de un patriarca que tambi\u00e9n fue uno de los cada vez menos &hellip; <\/p>\n<p><a class=\"more-link btn\" href=\"https:\/\/lamendigapolitica.com\/?p=69058\">Seguir leyendo<\/a><\/p>\n","protected":false},"author":1,"featured_media":0,"comment_status":"open","ping_status":"closed","sticky":false,"template":"","format":"standard","meta":{"footnotes":""},"categories":[26,36,20,22],"tags":[],"class_list":["post-69058","post","type-post","status-publish","format-standard","hentry","category-cultura","category-espectaculos","category-gobierno","category-sociales","item-wrap"],"_links":{"self":[{"href":"https:\/\/lamendigapolitica.com\/index.php?rest_route=\/wp\/v2\/posts\/69058","targetHints":{"allow":["GET"]}}],"collection":[{"href":"https:\/\/lamendigapolitica.com\/index.php?rest_route=\/wp\/v2\/posts"}],"about":[{"href":"https:\/\/lamendigapolitica.com\/index.php?rest_route=\/wp\/v2\/types\/post"}],"author":[{"embeddable":true,"href":"https:\/\/lamendigapolitica.com\/index.php?rest_route=\/wp\/v2\/users\/1"}],"replies":[{"embeddable":true,"href":"https:\/\/lamendigapolitica.com\/index.php?rest_route=%2Fwp%2Fv2%2Fcomments&post=69058"}],"version-history":[{"count":2,"href":"https:\/\/lamendigapolitica.com\/index.php?rest_route=\/wp\/v2\/posts\/69058\/revisions"}],"predecessor-version":[{"id":69062,"href":"https:\/\/lamendigapolitica.com\/index.php?rest_route=\/wp\/v2\/posts\/69058\/revisions\/69062"}],"wp:attachment":[{"href":"https:\/\/lamendigapolitica.com\/index.php?rest_route=%2Fwp%2Fv2%2Fmedia&parent=69058"}],"wp:term":[{"taxonomy":"category","embeddable":true,"href":"https:\/\/lamendigapolitica.com\/index.php?rest_route=%2Fwp%2Fv2%2Fcategories&post=69058"},{"taxonomy":"post_tag","embeddable":true,"href":"https:\/\/lamendigapolitica.com\/index.php?rest_route=%2Fwp%2Fv2%2Ftags&post=69058"}],"curies":[{"name":"wp","href":"https:\/\/api.w.org\/{rel}","templated":true}]}}