{"id":68969,"date":"2021-04-11T22:10:13","date_gmt":"2021-04-12T03:10:13","guid":{"rendered":"http:\/\/lamendigapolitica.com\/?p=68969"},"modified":"2021-04-11T22:10:13","modified_gmt":"2021-04-12T03:10:13","slug":"muerte-de-felipe-deja-gran-vacio-en-la-vida-de-isabel-ii","status":"publish","type":"post","link":"https:\/\/lamendigapolitica.com\/?p=68969","title":{"rendered":"Muerte de Felipe deja \u201cgran vac\u00edo\u201d en la vida de Isabel II"},"content":{"rendered":"<p><a href=\"https:\/\/lamendigapolitica.com\/blog\/wp-content\/uploads\/2021\/04\/33.jpg\"><img loading=\"lazy\" decoding=\"async\" class=\"aligncenter size-full wp-image-68970\" src=\"https:\/\/lamendigapolitica.com\/blog\/wp-content\/uploads\/2021\/04\/33.jpg\" alt=\"\" width=\"272\" height=\"185\" \/><\/a><\/p>\n<p>-El funeral ser\u00e1 el 17 de abril en el Castillo de Windsor. Solo 30 personas podr\u00e1n asistir debido al coronavirus pero se trasmitir\u00e1 en vivo por televisi\u00f3n.<\/p>\n<p class=\"Component-root-0-2-57 Component-p-0-2-48\">AP.\u2014 La muerte del pr\u00edncipe Felipe ha dejado un \u201cgran vac\u00edo\u201d en la vida de la reina Isabel II, dijo el domingo su hijo, el pr\u00edncipe Andr\u00e9s, mientras miles de ciudadanos acongojados siguen dejando flores a las puertas del Castillo de Windsor.<!--more--><\/p>\n<p class=\"Component-root-0-2-57 Component-p-0-2-48\">Andr\u00e9s, el tercero de los cuatro hijos de la pareja, acudi\u00f3 a la Capilla Real de Todos los Santos en Windsor junto con otros miembros de la familia real, dos d\u00edas despu\u00e9s de que Felipe, de 99 a\u00f1os, muriera en el castillo.<\/p>\n<p class=\"Component-root-0-2-57 Component-p-0-2-48\">Andr\u00e9s dijo que su madre \u201clo describi\u00f3 como haber dejado un gran vac\u00edo en su vida\u201d.<\/p>\n<p class=\"Component-root-0-2-57 Component-p-0-2-48\">\u201cHemos perdido, casi, al abuelo de la naci\u00f3n\u201d, dijo el pr\u00edncipe. \u201cYo lo siento mucho y apoyo a mi madre, quien probablemente lo siente m\u00e1s que todos los dem\u00e1s\u201d.<\/p>\n<p class=\"Component-root-0-2-57 Component-p-0-2-48\">Su hermano menor, el pr\u00edncipe Eduardo, dijo que la muerte de Felipe fue un \u201cterrible impacto\u201d, pero indic\u00f3 que la reina de 94 a\u00f1os estaba \u201caguantando\u201d.<\/p>\n<p class=\"Component-root-0-2-57 Component-p-0-2-48\">Tanto los funcionarios del palacio como los del gobierno instaron a la gente a no presentarse en persona para presentar sus respetos debido a las restricciones por el coronavirus. Pero cientos de personas llevaron el domingo notas, tarjetas y flores a las puertas del Castillo de Windsor, ubicado a 32 kil\u00f3metros (20 millas) al oeste de Londres, mientras que otros acudieron al Palacio de Buckingham en la capital brit\u00e1nica.<\/p>\n<p class=\"Component-root-0-2-57 Component-p-0-2-48\">\u201c99 a\u00f1os de vida y m\u00e1s de 70 a\u00f1os de servicio merecen alg\u00fan reconocimiento\u201d, dijo Neil Loughton, quien lleg\u00f3 en bicicleta hasta el palacio a manifestar sus respetos a Felipe.<\/p>\n<p class=\"Component-root-0-2-57 Component-p-0-2-48\">El nieto de Felipe, el pr\u00edncipe Enrique, quien dej\u00f3 sus deberes reales el a\u00f1o pasado y ahora vive en California, asistir\u00e1 al servicio junto con otros miembros de la familia real. Su esposa, Meghan, duquesa de Sussex, est\u00e1 embarazada y no viajar\u00e1.<\/p>\n","protected":false},"excerpt":{"rendered":"<p>-El funeral ser\u00e1 el 17 de abril en el Castillo de Windsor. Solo 30 personas podr\u00e1n asistir debido al coronavirus pero se trasmitir\u00e1 en vivo por televisi\u00f3n. AP.\u2014 La muerte del pr\u00edncipe Felipe ha dejado un \u201cgran vac\u00edo\u201d en la vida de la reina Isabel II, dijo el domingo su hijo, el pr\u00edncipe Andr\u00e9s, mientras &hellip; <\/p>\n<p><a class=\"more-link btn\" href=\"https:\/\/lamendigapolitica.com\/?p=68969\">Seguir leyendo<\/a><\/p>\n","protected":false},"author":1,"featured_media":0,"comment_status":"open","ping_status":"closed","sticky":false,"template":"","format":"standard","meta":{"footnotes":""},"categories":[26,36,20,22],"tags":[],"class_list":["post-68969","post","type-post","status-publish","format-standard","hentry","category-cultura","category-espectaculos","category-gobierno","category-sociales","item-wrap"],"_links":{"self":[{"href":"https:\/\/lamendigapolitica.com\/index.php?rest_route=\/wp\/v2\/posts\/68969","targetHints":{"allow":["GET"]}}],"collection":[{"href":"https:\/\/lamendigapolitica.com\/index.php?rest_route=\/wp\/v2\/posts"}],"about":[{"href":"https:\/\/lamendigapolitica.com\/index.php?rest_route=\/wp\/v2\/types\/post"}],"author":[{"embeddable":true,"href":"https:\/\/lamendigapolitica.com\/index.php?rest_route=\/wp\/v2\/users\/1"}],"replies":[{"embeddable":true,"href":"https:\/\/lamendigapolitica.com\/index.php?rest_route=%2Fwp%2Fv2%2Fcomments&post=68969"}],"version-history":[{"count":1,"href":"https:\/\/lamendigapolitica.com\/index.php?rest_route=\/wp\/v2\/posts\/68969\/revisions"}],"predecessor-version":[{"id":68971,"href":"https:\/\/lamendigapolitica.com\/index.php?rest_route=\/wp\/v2\/posts\/68969\/revisions\/68971"}],"wp:attachment":[{"href":"https:\/\/lamendigapolitica.com\/index.php?rest_route=%2Fwp%2Fv2%2Fmedia&parent=68969"}],"wp:term":[{"taxonomy":"category","embeddable":true,"href":"https:\/\/lamendigapolitica.com\/index.php?rest_route=%2Fwp%2Fv2%2Fcategories&post=68969"},{"taxonomy":"post_tag","embeddable":true,"href":"https:\/\/lamendigapolitica.com\/index.php?rest_route=%2Fwp%2Fv2%2Ftags&post=68969"}],"curies":[{"name":"wp","href":"https:\/\/api.w.org\/{rel}","templated":true}]}}