{"id":68960,"date":"2021-04-10T22:17:00","date_gmt":"2021-04-11T03:17:00","guid":{"rendered":"http:\/\/lamendigapolitica.com\/?p=68960"},"modified":"2021-04-10T22:17:00","modified_gmt":"2021-04-11T03:17:00","slug":"nuevas-atracciones-en-el-museo-del-globo","status":"publish","type":"post","link":"https:\/\/lamendigapolitica.com\/?p=68960","title":{"rendered":"Nuevas atracciones en el Museo del Globo"},"content":{"rendered":"<p><a href=\"https:\/\/lamendigapolitica.com\/blog\/wp-content\/uploads\/2021\/04\/17ca730e-9044-49b8-8946-84ea2b391759-1.jpg\"><img loading=\"lazy\" decoding=\"async\" class=\"aligncenter size-full wp-image-68962\" src=\"https:\/\/lamendigapolitica.com\/blog\/wp-content\/uploads\/2021\/04\/17ca730e-9044-49b8-8946-84ea2b391759-1.jpg\" alt=\"\" width=\"1024\" height=\"682\" \/><\/a><\/p>\n<p>&nbsp;<\/p>\n<p>El Globo, museo de la ni\u00f1ez, invita a la poblaci\u00f3n tapat\u00eda a conocer sus nuevas actividades.<\/p>\n<p>De cara al 21 aniversario del Globo, museo de la ni\u00f1ez, el Gobierno de Guadalajara invita a la ciudadan\u00eda a conocer la oferta de este recinto cultural, tras su reapertura luego de la suspensi\u00f3n de actividades por la contingencia sanitaria.<!--more--><\/p>\n<p>Actualmente, el Globo ofrece los talleres \u201cLos d\u00edas en que todo se detuvo\u201d, \u201cCorazones de pandemia\u201d, \u201cSombras en la oscuridad\u201d, \u201cCu\u00e9ntame un cuadro\u201d, y \u201cPara, piensa y act\u00faa\u201d.<\/p>\n<p>La Presidenta municipal interina de Guadalajara, B\u00e1rbara Trigueros Becerra, realiz\u00f3 una visita de supervisi\u00f3n y explic\u00f3 que se trata de \u201cactividades que hacen que los ni\u00f1os puedan sentirse parte de una actividad cultural y puedan apropi\u00e1rsela y entender lo importante que es para nuestras vidas poder estar en contacto con estas cosas. Hay una exposici\u00f3n de luchadores, cortometrajes\u201d.<\/p>\n<p>Record\u00f3 que \u201cse est\u00e1n tomando todas las medidas para que podamos tener una convivencia sin que tengamos riesgos de contagio por el Covid, son grupos nada m\u00e1s de 20 personas, siempre vamos a estar separados pero disfrutando de todas las actividades que se tienen\u201d.<\/p>\n<p>Estos talleres se desarrollar\u00e1n del 8 al 10 de abril, en grupos reducidos, con los siguientes horarios: 10:00, 11:00, 12:00, 13:00 y 14:15 h., respetando todas las medidas sanitarias.<\/p>\n","protected":false},"excerpt":{"rendered":"<p>&nbsp; El Globo, museo de la ni\u00f1ez, invita a la poblaci\u00f3n tapat\u00eda a conocer sus nuevas actividades. De cara al 21 aniversario del Globo, museo de la ni\u00f1ez, el Gobierno de Guadalajara invita a la ciudadan\u00eda a conocer la oferta de este recinto cultural, tras su reapertura luego de la suspensi\u00f3n de actividades por la &hellip; <\/p>\n<p><a class=\"more-link btn\" href=\"https:\/\/lamendigapolitica.com\/?p=68960\">Seguir leyendo<\/a><\/p>\n","protected":false},"author":1,"featured_media":0,"comment_status":"open","ping_status":"closed","sticky":false,"template":"","format":"standard","meta":{"footnotes":""},"categories":[26,36,20,22],"tags":[],"class_list":["post-68960","post","type-post","status-publish","format-standard","hentry","category-cultura","category-espectaculos","category-gobierno","category-sociales","item-wrap"],"_links":{"self":[{"href":"https:\/\/lamendigapolitica.com\/index.php?rest_route=\/wp\/v2\/posts\/68960","targetHints":{"allow":["GET"]}}],"collection":[{"href":"https:\/\/lamendigapolitica.com\/index.php?rest_route=\/wp\/v2\/posts"}],"about":[{"href":"https:\/\/lamendigapolitica.com\/index.php?rest_route=\/wp\/v2\/types\/post"}],"author":[{"embeddable":true,"href":"https:\/\/lamendigapolitica.com\/index.php?rest_route=\/wp\/v2\/users\/1"}],"replies":[{"embeddable":true,"href":"https:\/\/lamendigapolitica.com\/index.php?rest_route=%2Fwp%2Fv2%2Fcomments&post=68960"}],"version-history":[{"count":1,"href":"https:\/\/lamendigapolitica.com\/index.php?rest_route=\/wp\/v2\/posts\/68960\/revisions"}],"predecessor-version":[{"id":68964,"href":"https:\/\/lamendigapolitica.com\/index.php?rest_route=\/wp\/v2\/posts\/68960\/revisions\/68964"}],"wp:attachment":[{"href":"https:\/\/lamendigapolitica.com\/index.php?rest_route=%2Fwp%2Fv2%2Fmedia&parent=68960"}],"wp:term":[{"taxonomy":"category","embeddable":true,"href":"https:\/\/lamendigapolitica.com\/index.php?rest_route=%2Fwp%2Fv2%2Fcategories&post=68960"},{"taxonomy":"post_tag","embeddable":true,"href":"https:\/\/lamendigapolitica.com\/index.php?rest_route=%2Fwp%2Fv2%2Ftags&post=68960"}],"curies":[{"name":"wp","href":"https:\/\/api.w.org\/{rel}","templated":true}]}}