{"id":68910,"date":"2021-04-06T21:56:10","date_gmt":"2021-04-07T02:56:10","guid":{"rendered":"http:\/\/lamendigapolitica.com\/?p=68910"},"modified":"2021-04-06T21:59:03","modified_gmt":"2021-04-07T02:59:03","slug":"comic-de-superman-se-vende-por-3-25mdd","status":"publish","type":"post","link":"https:\/\/lamendigapolitica.com\/?p=68910","title":{"rendered":"C\u00f3mic de Superman se vende por 3.25MDD"},"content":{"rendered":"<p><a href=\"https:\/\/lamendigapolitica.com\/blog\/wp-content\/uploads\/2021\/04\/principal_001.jpg\"><img loading=\"lazy\" decoding=\"async\" class=\"aligncenter size-full wp-image-68911\" src=\"https:\/\/lamendigapolitica.com\/blog\/wp-content\/uploads\/2021\/04\/principal_001.jpg\" alt=\"\" width=\"770\" height=\"423\" \/><\/a><\/p>\n<p>AP.\u2014 Uno de los pocos ejemplares de la historieta en la que Superman apareci\u00f3 por primera vez se vendi\u00f3 en 3,25 millones de d\u00f3lares, inform\u00f3 el martes ComicConnect.com, una compa\u00f1\u00eda de subastas por internet.<\/p>\n<p>El precio pagado por el n\u00famero 1 de Action Comics apenas super\u00f3 el r\u00e9cord previo de la historieta: otro ejemplar del mismo n\u00famero fue vendido en 2014 por poco m\u00e1s de 3,2 millones de d\u00f3lares.<!--more--><\/p>\n<p>La historieta, publicada en 1938, \u201crealmente es el principio del g\u00e9nero de superh\u00e9roes\u201d, dijo el jefe de operaciones de ComicConnect.com, Vincent Zurzolo.<\/p>\n<p>La historieta narra a los lectores el origen de Superman, c\u00f3mo lleg\u00f3 a la Tierra desde otro planeta y c\u00f3mo se hizo llamar Clark Kent.<\/p>\n<p>El vendedor de este volumen en particular compr\u00f3 la historieta en 2018 por poco m\u00e1s de 2 millones de d\u00f3lares.<\/p>\n<p>Zurzolo dijo que a pesar de que originalmente se publicaron cientos de miles de ejemplares, se calcula que actualmente apenas existen alrededor de 100, y en distintas condiciones. Dijo que la copia reci\u00e9n vendida es una de las que en mejor estado se encuentra.<\/p>\n<p>\u201cNo hay un libro de historietas que se pueda tasar m\u00e1s alto que el n\u00famero 1 de Action Comics\u201d, subray\u00f3.<\/p>\n","protected":false},"excerpt":{"rendered":"<p>AP.\u2014 Uno de los pocos ejemplares de la historieta en la que Superman apareci\u00f3 por primera vez se vendi\u00f3 en 3,25 millones de d\u00f3lares, inform\u00f3 el martes ComicConnect.com, una compa\u00f1\u00eda de subastas por internet. El precio pagado por el n\u00famero 1 de Action Comics apenas super\u00f3 el r\u00e9cord previo de la historieta: otro ejemplar del &hellip; <\/p>\n<p><a class=\"more-link btn\" href=\"https:\/\/lamendigapolitica.com\/?p=68910\">Seguir leyendo<\/a><\/p>\n","protected":false},"author":1,"featured_media":0,"comment_status":"open","ping_status":"closed","sticky":false,"template":"","format":"standard","meta":{"footnotes":""},"categories":[26,30,36,22],"tags":[],"class_list":["post-68910","post","type-post","status-publish","format-standard","hentry","category-cultura","category-economia","category-espectaculos","category-sociales","item-wrap"],"_links":{"self":[{"href":"https:\/\/lamendigapolitica.com\/index.php?rest_route=\/wp\/v2\/posts\/68910","targetHints":{"allow":["GET"]}}],"collection":[{"href":"https:\/\/lamendigapolitica.com\/index.php?rest_route=\/wp\/v2\/posts"}],"about":[{"href":"https:\/\/lamendigapolitica.com\/index.php?rest_route=\/wp\/v2\/types\/post"}],"author":[{"embeddable":true,"href":"https:\/\/lamendigapolitica.com\/index.php?rest_route=\/wp\/v2\/users\/1"}],"replies":[{"embeddable":true,"href":"https:\/\/lamendigapolitica.com\/index.php?rest_route=%2Fwp%2Fv2%2Fcomments&post=68910"}],"version-history":[{"count":2,"href":"https:\/\/lamendigapolitica.com\/index.php?rest_route=\/wp\/v2\/posts\/68910\/revisions"}],"predecessor-version":[{"id":68913,"href":"https:\/\/lamendigapolitica.com\/index.php?rest_route=\/wp\/v2\/posts\/68910\/revisions\/68913"}],"wp:attachment":[{"href":"https:\/\/lamendigapolitica.com\/index.php?rest_route=%2Fwp%2Fv2%2Fmedia&parent=68910"}],"wp:term":[{"taxonomy":"category","embeddable":true,"href":"https:\/\/lamendigapolitica.com\/index.php?rest_route=%2Fwp%2Fv2%2Fcategories&post=68910"},{"taxonomy":"post_tag","embeddable":true,"href":"https:\/\/lamendigapolitica.com\/index.php?rest_route=%2Fwp%2Fv2%2Ftags&post=68910"}],"curies":[{"name":"wp","href":"https:\/\/api.w.org\/{rel}","templated":true}]}}