{"id":68780,"date":"2021-03-27T12:28:51","date_gmt":"2021-03-27T18:28:51","guid":{"rendered":"http:\/\/lamendigapolitica.com\/?p=68780"},"modified":"2021-03-27T12:28:51","modified_gmt":"2021-03-27T18:28:51","slug":"la-fil-dedica-el-dia-mundial-del-libro-a-augusto-monterroso","status":"publish","type":"post","link":"https:\/\/lamendigapolitica.com\/?p=68780","title":{"rendered":"La FIL dedica el D\u00eda Mundial del Libro a Augusto Monterroso"},"content":{"rendered":"<p><a href=\"https:\/\/lamendigapolitica.com\/blog\/wp-content\/uploads\/2021\/03\/augusto-monterroso-p-738x319-1.jpg\"><img loading=\"lazy\" decoding=\"async\" class=\"aligncenter size-full wp-image-68784\" src=\"https:\/\/lamendigapolitica.com\/blog\/wp-content\/uploads\/2021\/03\/augusto-monterroso-p-738x319-1.jpg\" alt=\"\" width=\"738\" height=\"319\" \/><\/a><\/p>\n<p>Para festejar cien a\u00f1os del autor de \u201cEl dinosaurio\u201d, y 25 de que recibiera el Premio Juan Rulfo en Guadalajara, la Feria realizar\u00e1, el pr\u00f3ximo 23 de abril, un marat\u00f3n virtual de lectura en voz alta de Obras completas (y otros cuentos)<!--more--><\/p>\n<p>\u201cAugusto Monterroso es un escritor fundamental, formidablemente inteligente, y misericordiosamente breve\u201d. Con estas palabras, Carlos Monsiv\u00e1is describ\u00eda a su colega nacido en Honduras \u2014nacionalizado guatemalteco y mexicano por adopci\u00f3n\u2014, a quien se conmemora este 2021 por su centenario y por los 25 a\u00f1os de haber recibido el Premio de Literatura Latinoamericana y del Caribe Juan Rulfo.<\/p>\n<p>Por este motivo, la Feria Internacional del Libro de Guadalajara (FIL) dedicar\u00e1, el pr\u00f3ximo 23 de abril, su tradicional marat\u00f3n de lectura en voz alta del D\u00eda Mundial del Libro a uno de los libros m\u00e1s emblem\u00e1ticos de Tito Monterroso (como le conoc\u00edan, con cari\u00f1o, amigos y lectores): Obras completas (y otros cuentos).<\/p>\n<p>En esta ocasi\u00f3n, atendiendo las recomendaciones de la Mesa de Situaci\u00f3n en Salud por Covid-19 de la Universidad de Guadalajara (UdeG), el marat\u00f3n de lectura en voz alta se realizar\u00e1 nuevamente de manera virtual, el pr\u00f3ximo viernes 23 de abril, en la p\u00e1gina web, el canal de YouTube y las redes sociales de la Feria Internacional del Libro de Guadalajara.<\/p>\n<p>Quienes deseen participar como lectores deber\u00e1n ser residentes del \u00e1rea metropolitana de Guadalajara y registrarse \u2014a partir de las 10:00 horas del viernes 26 de marzo y hasta agotar los 200 espacios disponibles\u2014 en www.fil.com.mx. Si el registro es confirmado recibir\u00e1n un correo electr\u00f3nico con las instrucciones para participar. Habr\u00e1 hasta cien lugares en lista de espera.<\/p>\n<p>Cada uno de los 200 lectores inscritos recibir\u00e1 como regalo de la FIL Guadalajara, al completar su participaci\u00f3n en el marat\u00f3n de lectura, un ejemplar de Obras completas (y otros cuentos), publicado por Ediciones Era.<\/p>\n<p>Los participantes podr\u00e1n recoger su ejemplar en las oficinas de la Feria (Alemania 1370, entre Federalismo y Ray\u00f3n, colonia Moderna, en Guadalajara), a partir del lunes 26 de abril de 2021, de 10:00 a 14:00 horas.<\/p>\n<p>Para redondear la celebraci\u00f3n por el D\u00eda Mundial del Libro, el 23 de abril la Feria realizar\u00e1 diversas din\u00e1micas mediante sus redes sociales, con las que lectores de todo M\u00e9xico podr\u00e1n participar para ganar uno de los ejemplares del primer libro de relatos de Augusto Monterroso.<\/p>\n<p>Como en a\u00f1os anteriores, el Sistema de Educaci\u00f3n Media Superior (SEMS) de la Universidad de Guadalajara se sumar\u00e1 el 23 de abril a la celebraci\u00f3n del D\u00eda Mundial del Libro, con su propio marat\u00f3n de lectura en voz alta de Obras completas (y otros cuentos), en el que participar\u00e1n alumnos de las preparatorias de la m\u00e1xima casa de estudios de Jalisco y que, por recomendaci\u00f3n de la Mesa de Situaci\u00f3n en Salud, se efectuar\u00e1 tambi\u00e9n de forma virtual y ser\u00e1 transmitido en la p\u00e1gina de Facebook y el canal de YouTube del SEMS.<\/p>\n<p>Entre otras din\u00e1micas alrededor de la vida y obra de Tito Monterroso, el SEMS producir\u00e1 un video donde las y los estudiantes podr\u00e1n disfrazarse de alguno de sus personajes y leer\u00e1n alg\u00fan fragmento de su obra.<\/p>\n<p>El D\u00eda Mundial del Libro es una celebraci\u00f3n creada en 1995 por la Organizaci\u00f3n de las Naciones Unidas para la Educaci\u00f3n, la Ciencia y la Cultura (Unesco). Desde 2002, la FIL Guadalajara celebra este d\u00eda con una lectura p\u00fablica en voz alta en alguna plaza p\u00fablica de la ciudad.<\/p>\n<p>El a\u00f1o pasado, por disposici\u00f3n de las autoridades en materia de salud, el marat\u00f3n se realiz\u00f3, por vez primera, de manera virtual.<\/p>\n<p>Las y los autores que han sido homenajeados son: Juan Jos\u00e9 Arreola (2002, 2011 y 2018), Julio Cort\u00e1zar (2003), Pablo Neruda (2004), Julio Verne (2005), Jorge Luis Borges (2006), Gabriel Garc\u00eda M\u00e1rquez (2007), Agust\u00edn Y\u00e1\u00f1ez (2008), Horacio Quiroga (2009), Jorge Ibarg\u00fcengoitia (2010), Bram Stoker (2012), Jane Austen (2013), Jos\u00e9 Emilio Pacheco (2014), Lewis Carroll (2015, Mary Shelley (2016), Ignacio Padilla (2017), Fernando del Paso (2019) y Ray Bradbury (2020).<\/p>\n<p>Augusto Monterroso (1921-2003)<\/p>\n<p>Considerado uno de los maestros de la minificci\u00f3n, Augusto Monterroso fue un escritor polifac\u00e9tico nacido en Honduras, nacionalizado guatemalteco y exiliado en M\u00e9xico.<\/p>\n<p>Obras completas (y otros cuentos), su primer libro, lo dio a conocer internacionalmente sobre todo por el relato \u201cEl dinosaurio\u201d, considerado entonces el m\u00e1s breve de la literatura hispanoamericana. Entre sus obras destacan El concierto y El eclipse, La oveja negra y dem\u00e1s f\u00e1bulas, Movimiento perpetuo, Viaje al centro de la f\u00e1bula y Esa fauna.<\/p>\n<p>Su labor literaria lo llev\u00f3 a recibir importantes premios, como el Magda Donato, el Xavier Villaurrutia, la Condecoraci\u00f3n del \u00c1guila Azteca, el de Literatura Latinoamericana y del Caribe Juan Rulfo y el Pr\u00edncipe de Asturias de las Letras.<\/p>\n<p>\u201cYo quisiera preparar una colecci\u00f3n de cuentos de una sola frase, o de una sola l\u00ednea, si fuera posible. Pero hasta ahora no encontr\u00e9 ninguno que supere el del escritor guatemalteco Augusto Monterroso: \u2018Cuando despert\u00f3, el dinosaurio todav\u00eda estaba all\u00ed\u2019\u201d, escribi\u00f3 Italo Calvino.<\/p>\n<p>Por su parte, Jos\u00e9 Miguel Oviedo opinaba: \u201cDe muy pocos se puede decir, como de Monterroso, que casi cada una de sus p\u00e1ginas es sencillamente perfecta y, al mismo tiempo, que tienden a serlo de un modo discreto: no buscan nuestro aplauso, sino nuestro placer; producido este, parecen disolverse en su propio encanto, impalpable como un recuerdo\u201d.<\/p>\n","protected":false},"excerpt":{"rendered":"<p>Para festejar cien a\u00f1os del autor de \u201cEl dinosaurio\u201d, y 25 de que recibiera el Premio Juan Rulfo en Guadalajara, la Feria realizar\u00e1, el pr\u00f3ximo 23 de abril, un marat\u00f3n virtual de lectura en voz alta de Obras completas (y otros cuentos)<\/p><p><a class=\"more-link btn\" href=\"https:\/\/lamendigapolitica.com\/?p=68780\">Seguir leyendo<\/a><\/p>\n","protected":false},"author":1,"featured_media":0,"comment_status":"open","ping_status":"closed","sticky":false,"template":"","format":"standard","meta":{"footnotes":""},"categories":[26,36,31],"tags":[],"class_list":["post-68780","post","type-post","status-publish","format-standard","hentry","category-cultura","category-espectaculos","category-internacional","item-wrap"],"_links":{"self":[{"href":"https:\/\/lamendigapolitica.com\/index.php?rest_route=\/wp\/v2\/posts\/68780","targetHints":{"allow":["GET"]}}],"collection":[{"href":"https:\/\/lamendigapolitica.com\/index.php?rest_route=\/wp\/v2\/posts"}],"about":[{"href":"https:\/\/lamendigapolitica.com\/index.php?rest_route=\/wp\/v2\/types\/post"}],"author":[{"embeddable":true,"href":"https:\/\/lamendigapolitica.com\/index.php?rest_route=\/wp\/v2\/users\/1"}],"replies":[{"embeddable":true,"href":"https:\/\/lamendigapolitica.com\/index.php?rest_route=%2Fwp%2Fv2%2Fcomments&post=68780"}],"version-history":[{"count":1,"href":"https:\/\/lamendigapolitica.com\/index.php?rest_route=\/wp\/v2\/posts\/68780\/revisions"}],"predecessor-version":[{"id":68785,"href":"https:\/\/lamendigapolitica.com\/index.php?rest_route=\/wp\/v2\/posts\/68780\/revisions\/68785"}],"wp:attachment":[{"href":"https:\/\/lamendigapolitica.com\/index.php?rest_route=%2Fwp%2Fv2%2Fmedia&parent=68780"}],"wp:term":[{"taxonomy":"category","embeddable":true,"href":"https:\/\/lamendigapolitica.com\/index.php?rest_route=%2Fwp%2Fv2%2Fcategories&post=68780"},{"taxonomy":"post_tag","embeddable":true,"href":"https:\/\/lamendigapolitica.com\/index.php?rest_route=%2Fwp%2Fv2%2Ftags&post=68780"}],"curies":[{"name":"wp","href":"https:\/\/api.w.org\/{rel}","templated":true}]}}