{"id":68700,"date":"2021-03-20T21:28:19","date_gmt":"2021-03-21T03:28:19","guid":{"rendered":"http:\/\/lamendigapolitica.com\/?p=68700"},"modified":"2021-03-20T21:28:19","modified_gmt":"2021-03-21T03:28:19","slug":"twitter-celebra-su-15-aniversario","status":"publish","type":"post","link":"https:\/\/lamendigapolitica.com\/?p=68700","title":{"rendered":"Twitter celebra su 15 aniversario"},"content":{"rendered":"<p><a href=\"https:\/\/lamendigapolitica.com\/blog\/wp-content\/uploads\/2021\/03\/aniersario-twitter.jpg\"><img loading=\"lazy\" decoding=\"async\" class=\"aligncenter size-full wp-image-68701\" src=\"https:\/\/lamendigapolitica.com\/blog\/wp-content\/uploads\/2021\/03\/aniersario-twitter.jpg\" alt=\"\" width=\"372\" height=\"240\" srcset=\"https:\/\/lamendigapolitica.com\/wp-content\/uploads\/2021\/03\/aniersario-twitter.jpg 372w, https:\/\/lamendigapolitica.com\/wp-content\/uploads\/2021\/03\/aniersario-twitter-300x194.jpg 300w\" sizes=\"auto, (max-width: 372px) 100vw, 372px\" \/><\/a><\/p>\n<p>EFE.-\u00abJusto creando mi cuenta de twitter\u00bb. De este mensaje, el primero jam\u00e1s publicado en la red social, hace ma\u00f1ana, domingo, quince a\u00f1os, y tras \u00e9l se esconde una historia de visionarios, traiciones y un \u00e9xito inesperado hasta erigirse en el foro sobre actualidad de la opini\u00f3n p\u00fablica mundial.<\/p>\n<p>El autor del primer tuit fue su cofundador y actual consejero delegado, Jack Dorsey, el 21 de marzo de 2006 y justo ahora, una d\u00e9cada y media despu\u00e9s, lo ha puesto a la venta en una subasta p\u00fablica por internet en la que la puja m\u00e1s alta por el momento es de 2 millones y medio de d\u00f3lares.<\/p>\n","protected":false},"excerpt":{"rendered":"<p>EFE.-\u00abJusto creando mi cuenta de twitter\u00bb. De este mensaje, el primero jam\u00e1s publicado en la red social, hace ma\u00f1ana, domingo, quince a\u00f1os, y tras \u00e9l se esconde una historia de visionarios, traiciones y un \u00e9xito inesperado hasta erigirse en el foro sobre actualidad de la opini\u00f3n p\u00fablica mundial. El autor del primer tuit fue su &hellip; <\/p>\n<p><a class=\"more-link btn\" href=\"https:\/\/lamendigapolitica.com\/?p=68700\">Seguir leyendo<\/a><\/p>\n","protected":false},"author":1,"featured_media":0,"comment_status":"closed","ping_status":"closed","sticky":false,"template":"","format":"standard","meta":{"footnotes":""},"categories":[36,41],"tags":[],"class_list":["post-68700","post","type-post","status-publish","format-standard","hentry","category-espectaculos","category-tecnologia","item-wrap"],"_links":{"self":[{"href":"https:\/\/lamendigapolitica.com\/index.php?rest_route=\/wp\/v2\/posts\/68700","targetHints":{"allow":["GET"]}}],"collection":[{"href":"https:\/\/lamendigapolitica.com\/index.php?rest_route=\/wp\/v2\/posts"}],"about":[{"href":"https:\/\/lamendigapolitica.com\/index.php?rest_route=\/wp\/v2\/types\/post"}],"author":[{"embeddable":true,"href":"https:\/\/lamendigapolitica.com\/index.php?rest_route=\/wp\/v2\/users\/1"}],"replies":[{"embeddable":true,"href":"https:\/\/lamendigapolitica.com\/index.php?rest_route=%2Fwp%2Fv2%2Fcomments&post=68700"}],"version-history":[{"count":1,"href":"https:\/\/lamendigapolitica.com\/index.php?rest_route=\/wp\/v2\/posts\/68700\/revisions"}],"predecessor-version":[{"id":68702,"href":"https:\/\/lamendigapolitica.com\/index.php?rest_route=\/wp\/v2\/posts\/68700\/revisions\/68702"}],"wp:attachment":[{"href":"https:\/\/lamendigapolitica.com\/index.php?rest_route=%2Fwp%2Fv2%2Fmedia&parent=68700"}],"wp:term":[{"taxonomy":"category","embeddable":true,"href":"https:\/\/lamendigapolitica.com\/index.php?rest_route=%2Fwp%2Fv2%2Fcategories&post=68700"},{"taxonomy":"post_tag","embeddable":true,"href":"https:\/\/lamendigapolitica.com\/index.php?rest_route=%2Fwp%2Fv2%2Ftags&post=68700"}],"curies":[{"name":"wp","href":"https:\/\/api.w.org\/{rel}","templated":true}]}}