{"id":68660,"date":"2021-03-14T12:18:25","date_gmt":"2021-03-14T18:18:25","guid":{"rendered":"http:\/\/lamendigapolitica.com\/?p=68660"},"modified":"2021-03-15T12:23:44","modified_gmt":"2021-03-15T18:23:44","slug":"sale-a-subasta-la-iconica-caricatura-de-demi-moore-obra-de-banksy","status":"publish","type":"post","link":"https:\/\/lamendigapolitica.com\/?p=68660","title":{"rendered":"Sale a subasta la ic\u00f3nica caricatura de Demi Moore obra de Banksy"},"content":{"rendered":"<p><a href=\"https:\/\/lamendigapolitica.com\/blog\/wp-content\/uploads\/2021\/03\/89f4ba6a7363eda13b25537aca2bc11c.jpg\"><img loading=\"lazy\" decoding=\"async\" class=\"aligncenter size-full wp-image-68661\" src=\"https:\/\/lamendigapolitica.com\/blog\/wp-content\/uploads\/2021\/03\/89f4ba6a7363eda13b25537aca2bc11c.jpg\" alt=\"\" width=\"800\" height=\"587\" srcset=\"https:\/\/lamendigapolitica.com\/wp-content\/uploads\/2021\/03\/89f4ba6a7363eda13b25537aca2bc11c.jpg 800w, https:\/\/lamendigapolitica.com\/wp-content\/uploads\/2021\/03\/89f4ba6a7363eda13b25537aca2bc11c-300x220.jpg 300w, https:\/\/lamendigapolitica.com\/wp-content\/uploads\/2021\/03\/89f4ba6a7363eda13b25537aca2bc11c-768x564.jpg 768w, https:\/\/lamendigapolitica.com\/wp-content\/uploads\/2021\/03\/89f4ba6a7363eda13b25537aca2bc11c-555x407.jpg 555w\" sizes=\"auto, (max-width: 800px) 100vw, 800px\" \/><\/a><\/p>\n<p>EFE.- La irreverente parodia que firm\u00f3 Banksy de la portada protagonizada en 1991 por la actriz Demi Moore en la revista \u00abVanity fair\u00bb saldr\u00e1 a la venta en Sotheby&#8217;s con un precio estimado de entre 2 y 3 millones de libras (de 2,3 a 3,5 millones de euros\/2,7 a 4,2 millones de d\u00f3lares), seg\u00fan inform\u00f3 este lunes en un comunicado la casa de subastas.<\/p>\n<p>La obra, de dos metros de alto, se dio a conocer por primera vez en 2006 como la imagen del p\u00f3ster promocional de la exposici\u00f3n \u00abBarely Legal\u00bb, una \u00abextravaganza\u00bb de tres d\u00edas que marc\u00f3 el debut de Banksy en Estados Unidos.<\/p>\n","protected":false},"excerpt":{"rendered":"<p>EFE.- La irreverente parodia que firm\u00f3 Banksy de la portada protagonizada en 1991 por la actriz Demi Moore en la revista \u00abVanity fair\u00bb saldr\u00e1 a la venta en Sotheby&#8217;s con un precio estimado de entre 2 y 3 millones de libras (de 2,3 a 3,5 millones de euros\/2,7 a 4,2 millones de d\u00f3lares), seg\u00fan inform\u00f3 &hellip; <\/p>\n<p><a class=\"more-link btn\" href=\"https:\/\/lamendigapolitica.com\/?p=68660\">Seguir leyendo<\/a><\/p>\n","protected":false},"author":1,"featured_media":0,"comment_status":"closed","ping_status":"closed","sticky":false,"template":"","format":"standard","meta":{"footnotes":""},"categories":[26,36,31],"tags":[],"class_list":["post-68660","post","type-post","status-publish","format-standard","hentry","category-cultura","category-espectaculos","category-internacional","item-wrap"],"_links":{"self":[{"href":"https:\/\/lamendigapolitica.com\/index.php?rest_route=\/wp\/v2\/posts\/68660","targetHints":{"allow":["GET"]}}],"collection":[{"href":"https:\/\/lamendigapolitica.com\/index.php?rest_route=\/wp\/v2\/posts"}],"about":[{"href":"https:\/\/lamendigapolitica.com\/index.php?rest_route=\/wp\/v2\/types\/post"}],"author":[{"embeddable":true,"href":"https:\/\/lamendigapolitica.com\/index.php?rest_route=\/wp\/v2\/users\/1"}],"replies":[{"embeddable":true,"href":"https:\/\/lamendigapolitica.com\/index.php?rest_route=%2Fwp%2Fv2%2Fcomments&post=68660"}],"version-history":[{"count":1,"href":"https:\/\/lamendigapolitica.com\/index.php?rest_route=\/wp\/v2\/posts\/68660\/revisions"}],"predecessor-version":[{"id":68662,"href":"https:\/\/lamendigapolitica.com\/index.php?rest_route=\/wp\/v2\/posts\/68660\/revisions\/68662"}],"wp:attachment":[{"href":"https:\/\/lamendigapolitica.com\/index.php?rest_route=%2Fwp%2Fv2%2Fmedia&parent=68660"}],"wp:term":[{"taxonomy":"category","embeddable":true,"href":"https:\/\/lamendigapolitica.com\/index.php?rest_route=%2Fwp%2Fv2%2Fcategories&post=68660"},{"taxonomy":"post_tag","embeddable":true,"href":"https:\/\/lamendigapolitica.com\/index.php?rest_route=%2Fwp%2Fv2%2Ftags&post=68660"}],"curies":[{"name":"wp","href":"https:\/\/api.w.org\/{rel}","templated":true}]}}