{"id":68534,"date":"2021-03-02T13:38:58","date_gmt":"2021-03-02T19:38:58","guid":{"rendered":"http:\/\/lamendigapolitica.com\/?p=68534"},"modified":"2021-03-02T13:38:58","modified_gmt":"2021-03-02T19:38:58","slug":"se-avalo-la-apertura-de-los-estadios-akron-y-jalisco","status":"publish","type":"post","link":"https:\/\/lamendigapolitica.com\/?p=68534","title":{"rendered":"Se aval\u00f3 la apertura de los estadios Akron y Jalisco"},"content":{"rendered":"<p><a href=\"https:\/\/lamendigapolitica.com\/blog\/wp-content\/uploads\/2021\/03\/Captura.jpg\"><img loading=\"lazy\" decoding=\"async\" class=\"aligncenter size-full wp-image-68535\" src=\"https:\/\/lamendigapolitica.com\/blog\/wp-content\/uploads\/2021\/03\/Captura.jpg\" alt=\"\" width=\"891\" height=\"519\" \/><\/a><\/p>\n<p>La Mesa de Salud, organismo colegiado encargado de la gesti\u00f3n de la pandemia por COVID-19 en Jalisco, autoriz\u00f3 diversas actividades de recreaci\u00f3n y esparcimiento para la poblaci\u00f3n, bajo el estricto cumplimiento de los protocolos sanitarios y restricciones en el aforo.<!--more--><\/p>\n<p>En sesi\u00f3n ordinaria, este organismo interinstitucional autoriz\u00f3 la apertura del Estadio Akron para el pr\u00f3ximo 14 de marzo y una pre-autorizaci\u00f3n para el 4 de abril, \u00fanicamente con el 25 por ciento del aforo.<\/p>\n<p>De igual forma, se autoriz\u00f3 la apertura al p\u00fablico del Estadio Jalisco para el 6 de marzo y la pre-autorizaci\u00f3n para el 3 de abril, tambi\u00e9n con el 25 por ciento del aforo.<\/p>\n<p>Por otra parte, se aval\u00f3 que se lleve a cabo el Abierto de Tenis de Zapopan con acceso al p\u00fablico con un aforo del 30 por ciento; as\u00ed como el Circo Americano con un aforo del 50 por ciento y con la restricci\u00f3n de que la venta de alimentos y bebidas deber\u00e1 ser fuera de la carpa. La Feria del Coraz\u00f3n del Artesano, en el Centro Hist\u00f3rico de Guadalajara.<\/p>\n<p>En todos los casos, las sedes de estos eventos deber\u00e1n apegarse a los protocolos de seguridad e higiene, exigir el uso del cubrebocas a los asistentes, contar con filtros sanitarios y garantizar el acceso y desalojo de los inmuebles de manera escalonada.<\/p>\n<p>Adem\u00e1s de estas disposiciones, la Mesa de Salud aval\u00f3 cambios en los horarios y aforos de algunos giros comerciales: En tiendas departamentales, se ampl\u00eda el aforo m\u00e1ximo a 750 personas, siempre y cuando la superficie espec\u00edfica del lugar as\u00ed lo permita para facilitar el distanciamiento social.<\/p>\n<p>En bares de hoteles, se extiende el horario hasta la 1:00 am solo para hu\u00e9spedes. En cuanto a carreras o trails, estas actividades se podr\u00e1n llevar a cabo con una capacidad m\u00e1xima de 300 personas, con salidas por grupos de 50 o menos de manera escalonada.<\/p>\n<p>Asimismo, en las guarder\u00edas o centros de cuidado infantil se ampl\u00eda la recepci\u00f3n de ni\u00f1as y ni\u00f1os de cuatro a seis a\u00f1os.<\/p>\n<p>Los integrantes del organismo adem\u00e1s aprobaron las disposiciones y medidas de prevenci\u00f3n para el periodo vacacional de Semana Santa, las cuales ser\u00e1n dadas a conocer a detalle en los pr\u00f3ximos d\u00edas.<\/p>\n<p>Finalmente, la Mesa de Salud no aprob\u00f3 el concierto de la banda Cuisillos en el municipio de Tala.<\/p>\n<p>Estas medidas quedan sujetas a la evoluci\u00f3n de la pandemia y las consideraciones de la Mesa de Salud.<\/p>\n","protected":false},"excerpt":{"rendered":"<p>La Mesa de Salud, organismo colegiado encargado de la gesti\u00f3n de la pandemia por COVID-19 en Jalisco, autoriz\u00f3 diversas actividades de recreaci\u00f3n y esparcimiento para la poblaci\u00f3n, bajo el estricto cumplimiento de los protocolos sanitarios y restricciones en el aforo.<\/p><p><a class=\"more-link btn\" href=\"https:\/\/lamendigapolitica.com\/?p=68534\">Seguir leyendo<\/a><\/p>\n","protected":false},"author":1,"featured_media":0,"comment_status":"open","ping_status":"closed","sticky":false,"template":"","format":"standard","meta":{"footnotes":""},"categories":[43,36,20,29],"tags":[],"class_list":["post-68534","post","type-post","status-publish","format-standard","hentry","category-ecologia","category-espectaculos","category-gobierno","category-salud","item-wrap"],"_links":{"self":[{"href":"https:\/\/lamendigapolitica.com\/index.php?rest_route=\/wp\/v2\/posts\/68534","targetHints":{"allow":["GET"]}}],"collection":[{"href":"https:\/\/lamendigapolitica.com\/index.php?rest_route=\/wp\/v2\/posts"}],"about":[{"href":"https:\/\/lamendigapolitica.com\/index.php?rest_route=\/wp\/v2\/types\/post"}],"author":[{"embeddable":true,"href":"https:\/\/lamendigapolitica.com\/index.php?rest_route=\/wp\/v2\/users\/1"}],"replies":[{"embeddable":true,"href":"https:\/\/lamendigapolitica.com\/index.php?rest_route=%2Fwp%2Fv2%2Fcomments&post=68534"}],"version-history":[{"count":1,"href":"https:\/\/lamendigapolitica.com\/index.php?rest_route=\/wp\/v2\/posts\/68534\/revisions"}],"predecessor-version":[{"id":68536,"href":"https:\/\/lamendigapolitica.com\/index.php?rest_route=\/wp\/v2\/posts\/68534\/revisions\/68536"}],"wp:attachment":[{"href":"https:\/\/lamendigapolitica.com\/index.php?rest_route=%2Fwp%2Fv2%2Fmedia&parent=68534"}],"wp:term":[{"taxonomy":"category","embeddable":true,"href":"https:\/\/lamendigapolitica.com\/index.php?rest_route=%2Fwp%2Fv2%2Fcategories&post=68534"},{"taxonomy":"post_tag","embeddable":true,"href":"https:\/\/lamendigapolitica.com\/index.php?rest_route=%2Fwp%2Fv2%2Ftags&post=68534"}],"curies":[{"name":"wp","href":"https:\/\/api.w.org\/{rel}","templated":true}]}}