{"id":68382,"date":"2021-02-16T23:29:41","date_gmt":"2021-02-17T05:29:41","guid":{"rendered":"http:\/\/lamendigapolitica.com\/?p=68382"},"modified":"2021-02-16T23:31:28","modified_gmt":"2021-02-17T05:31:28","slug":"los-tigres-del-norte-alistan-disco-social","status":"publish","type":"post","link":"https:\/\/lamendigapolitica.com\/?p=68382","title":{"rendered":"Los Tigres del Norte alistan disco social"},"content":{"rendered":"<p><a href=\"https:\/\/lamendigapolitica.com\/blog\/wp-content\/uploads\/2021\/02\/4-3.jpg\"><img loading=\"lazy\" decoding=\"async\" class=\"aligncenter size-full wp-image-68383\" src=\"https:\/\/lamendigapolitica.com\/blog\/wp-content\/uploads\/2021\/02\/4-3.jpg\" alt=\"\" width=\"281\" height=\"180\" \/><\/a><\/p>\n<p>EFE.-Orgullosos de haber sido un parteaguas para las colaboraciones actuales de m\u00fasica regional mexicana, Los Tigres del Norte celebran diez a\u00f1os de su primer MTV Unplugged y, tras ganar un Latin Grammy m\u00e1s en 2020, ya preparan otro disco con sentido social.<\/p>\n<p>\u00abEl Unplugged nos dio muchas satisfacciones, nos hizo pensar que nuestra m\u00fasica puede trascender y estar vigente, se abrieron las puertas para nosotros en muchos pa\u00edses, se revivieron grandes \u00e9xitos de Los Tigres en voces de otros artistas y nos llev\u00f3 a muchos eventos\u00bb, expres\u00f3 Luis Hern\u00e1ndez, bajista de la banda.<\/p>\n","protected":false},"excerpt":{"rendered":"<p>EFE.-Orgullosos de haber sido un parteaguas para las colaboraciones actuales de m\u00fasica regional mexicana, Los Tigres del Norte celebran diez a\u00f1os de su primer MTV Unplugged y, tras ganar un Latin Grammy m\u00e1s en 2020, ya preparan otro disco con sentido social. \u00abEl Unplugged nos dio muchas satisfacciones, nos hizo pensar que nuestra m\u00fasica puede &hellip; <\/p>\n<p><a class=\"more-link btn\" href=\"https:\/\/lamendigapolitica.com\/?p=68382\">Seguir leyendo<\/a><\/p>\n","protected":false},"author":1,"featured_media":0,"comment_status":"open","ping_status":"closed","sticky":false,"template":"","format":"standard","meta":{"footnotes":""},"categories":[26,36,22],"tags":[],"class_list":["post-68382","post","type-post","status-publish","format-standard","hentry","category-cultura","category-espectaculos","category-sociales","item-wrap"],"_links":{"self":[{"href":"https:\/\/lamendigapolitica.com\/index.php?rest_route=\/wp\/v2\/posts\/68382","targetHints":{"allow":["GET"]}}],"collection":[{"href":"https:\/\/lamendigapolitica.com\/index.php?rest_route=\/wp\/v2\/posts"}],"about":[{"href":"https:\/\/lamendigapolitica.com\/index.php?rest_route=\/wp\/v2\/types\/post"}],"author":[{"embeddable":true,"href":"https:\/\/lamendigapolitica.com\/index.php?rest_route=\/wp\/v2\/users\/1"}],"replies":[{"embeddable":true,"href":"https:\/\/lamendigapolitica.com\/index.php?rest_route=%2Fwp%2Fv2%2Fcomments&post=68382"}],"version-history":[{"count":1,"href":"https:\/\/lamendigapolitica.com\/index.php?rest_route=\/wp\/v2\/posts\/68382\/revisions"}],"predecessor-version":[{"id":68384,"href":"https:\/\/lamendigapolitica.com\/index.php?rest_route=\/wp\/v2\/posts\/68382\/revisions\/68384"}],"wp:attachment":[{"href":"https:\/\/lamendigapolitica.com\/index.php?rest_route=%2Fwp%2Fv2%2Fmedia&parent=68382"}],"wp:term":[{"taxonomy":"category","embeddable":true,"href":"https:\/\/lamendigapolitica.com\/index.php?rest_route=%2Fwp%2Fv2%2Fcategories&post=68382"},{"taxonomy":"post_tag","embeddable":true,"href":"https:\/\/lamendigapolitica.com\/index.php?rest_route=%2Fwp%2Fv2%2Ftags&post=68382"}],"curies":[{"name":"wp","href":"https:\/\/api.w.org\/{rel}","templated":true}]}}