{"id":68362,"date":"2021-02-14T22:45:33","date_gmt":"2021-02-15T04:45:33","guid":{"rendered":"http:\/\/lamendigapolitica.com\/?p=68362"},"modified":"2021-02-14T22:45:33","modified_gmt":"2021-02-15T04:45:33","slug":"conmemora-guadalajara-el-479-aniversario-de-su-fundacion","status":"publish","type":"post","link":"https:\/\/lamendigapolitica.com\/?p=68362","title":{"rendered":"Conmemora Guadalajara el 479 aniversario de su fundaci\u00f3n"},"content":{"rendered":"<p><a href=\"https:\/\/lamendigapolitica.com\/blog\/wp-content\/uploads\/2021\/02\/4-2.jpg\"><img loading=\"lazy\" decoding=\"async\" class=\"aligncenter size-full wp-image-68363\" src=\"https:\/\/lamendigapolitica.com\/blog\/wp-content\/uploads\/2021\/02\/4-2.jpg\" alt=\"\" width=\"798\" height=\"599\" \/><\/a><\/p>\n<p>Con motivo del 479 aniversario de Guadalajara, esta ma\u00f1ana fue develada la escultura a Francisco Tenamaztle, en su nueva ubicaci\u00f3n, en plaza Fundadores.<\/p>\n<p>Minutos m\u00e1s tarde, autoridades estatales y municipales rindieron guardias de honor a Beatriz Hern\u00e1ndez, personaje emblem\u00e1tico de la fundaci\u00f3n de Guadalajara, y a Miguel de Ibarra, el primer alcalde de La Ciudad.<!--more--><\/p>\n<p>Posteriormente, en la reci\u00e9n renovada plaza Guadalajara, se desarroll\u00f3 la sesi\u00f3n solemne de cabildo, en la que se realiz\u00f3 la entrega del premio Ciudad de Guadalajara, que este a\u00f1o fue otorgado a la Benem\u00e9rita Sociedad de Geograf\u00eda y Estad\u00edstica del Estado de Jalisco.<\/p>\n<p>Durante la sesi\u00f3n, el alcalde tapat\u00edo, Ismael del Toro afirm\u00f3 que \u201cen medio de la emergencia sanitaria que ha transformado la vida cotidiana y la salud alrededor del orbe, las y los tapat\u00edos hemos cerrado filas para responder juntos a los desaf\u00edos que enfrenta nuestra ciudad.\u201d<\/p>\n<p>Destac\u00f3 que \u201cel Gobierno municipal ha tenido el compromiso de estar a la altura, de seguir generando consensos que mejoren la vida de todos los sectores de la sociedad tapat\u00eda\u201d, y que la actual administraci\u00f3n \u201cha orientado sus esfuerzos para recuperar la tranquilidad de la ciudad, para fomentar el deporte, el arte y la cultura como catalizadores del desarrollo integral de quienes la habitan, y as\u00ed contribuir con la convivencia en armon\u00eda, la participaci\u00f3n y la innovaci\u00f3n social\u201d.<\/p>\n<p>Del Toro Castro tambi\u00e9n hizo referencia al esfuerzo orientado a la recuperaci\u00f3n de los espacios p\u00fablicos y record\u00f3 que Guadalajara es Capital Mundial del Deporte y que tambi\u00e9n fue designada como Capital Mundial del Libro para el 2022.<\/p>\n<p>Ante el reto que plantea la actual contingencia sanitaria, el alcalde tapat\u00edo asegur\u00f3 que \u201cnuestra comunidad har\u00e1 frente una vez m\u00e1s a esta emergencia y construir\u00e1 un mejor porvenir para todas y todos, como ha sucedido a lo largo de estos 479 a\u00f1os, en los que, con el respaldo de sus habitantes, Guadalajara ha salido siempre avante.\u201d<\/p>\n<p>Entregan trabajos de renovaci\u00f3n de plaza Guadalajara.<br \/>\nComo parte de la conmemoraci\u00f3n por los 479 a\u00f1os de la fundaci\u00f3n de Guadalajara, autoridades estatales y municipales entregaron la renovaci\u00f3n de plaza Guadalajara, que tuvo una inversi\u00f3n de 25 millones de pesos.<\/p>\n<p>En su intervenci\u00f3n, el Presidente municipal tapat\u00edo, Ismael Del Toro Castro, explic\u00f3 que \u201cel significado de esta intervenci\u00f3n que se respet\u00f3 todas las condiciones originales de la arquitectura, que se hizo una transformaci\u00f3n total, que naci\u00f3 como parte del proyecto de rehabilitar el espacio comercial de plaza Guadalajara, que con la L\u00ednea Tres, vuelve a florecer.\u201d<\/p>\n","protected":false},"excerpt":{"rendered":"<p>Con motivo del 479 aniversario de Guadalajara, esta ma\u00f1ana fue develada la escultura a Francisco Tenamaztle, en su nueva ubicaci\u00f3n, en plaza Fundadores. Minutos m\u00e1s tarde, autoridades estatales y municipales rindieron guardias de honor a Beatriz Hern\u00e1ndez, personaje emblem\u00e1tico de la fundaci\u00f3n de Guadalajara, y a Miguel de Ibarra, el primer alcalde de La Ciudad.<\/p><p><a class=\"more-link btn\" href=\"https:\/\/lamendigapolitica.com\/?p=68362\">Seguir leyendo<\/a><\/p>\n","protected":false},"author":1,"featured_media":0,"comment_status":"open","ping_status":"closed","sticky":false,"template":"","format":"standard","meta":{"footnotes":""},"categories":[26,36,20,22],"tags":[],"class_list":["post-68362","post","type-post","status-publish","format-standard","hentry","category-cultura","category-espectaculos","category-gobierno","category-sociales","item-wrap"],"_links":{"self":[{"href":"https:\/\/lamendigapolitica.com\/index.php?rest_route=\/wp\/v2\/posts\/68362","targetHints":{"allow":["GET"]}}],"collection":[{"href":"https:\/\/lamendigapolitica.com\/index.php?rest_route=\/wp\/v2\/posts"}],"about":[{"href":"https:\/\/lamendigapolitica.com\/index.php?rest_route=\/wp\/v2\/types\/post"}],"author":[{"embeddable":true,"href":"https:\/\/lamendigapolitica.com\/index.php?rest_route=\/wp\/v2\/users\/1"}],"replies":[{"embeddable":true,"href":"https:\/\/lamendigapolitica.com\/index.php?rest_route=%2Fwp%2Fv2%2Fcomments&post=68362"}],"version-history":[{"count":1,"href":"https:\/\/lamendigapolitica.com\/index.php?rest_route=\/wp\/v2\/posts\/68362\/revisions"}],"predecessor-version":[{"id":68364,"href":"https:\/\/lamendigapolitica.com\/index.php?rest_route=\/wp\/v2\/posts\/68362\/revisions\/68364"}],"wp:attachment":[{"href":"https:\/\/lamendigapolitica.com\/index.php?rest_route=%2Fwp%2Fv2%2Fmedia&parent=68362"}],"wp:term":[{"taxonomy":"category","embeddable":true,"href":"https:\/\/lamendigapolitica.com\/index.php?rest_route=%2Fwp%2Fv2%2Fcategories&post=68362"},{"taxonomy":"post_tag","embeddable":true,"href":"https:\/\/lamendigapolitica.com\/index.php?rest_route=%2Fwp%2Fv2%2Ftags&post=68362"}],"curies":[{"name":"wp","href":"https:\/\/api.w.org\/{rel}","templated":true}]}}