{"id":68353,"date":"2021-02-14T21:47:29","date_gmt":"2021-02-15T03:47:29","guid":{"rendered":"http:\/\/lamendigapolitica.com\/?p=68353"},"modified":"2021-02-19T15:38:11","modified_gmt":"2021-02-19T21:38:11","slug":"el-principe-harry-y-megan-esperan-su-segundo-bebe","status":"publish","type":"post","link":"https:\/\/lamendigapolitica.com\/?p=68353","title":{"rendered":"El pr\u00edncipe Harry y Megan esperan su segundo beb\u00e9"},"content":{"rendered":"<p><a href=\"https:\/\/lamendigapolitica.com\/blog\/wp-content\/uploads\/2021\/02\/7.jpg\"><img loading=\"lazy\" decoding=\"async\" class=\"aligncenter size-full wp-image-68354\" src=\"https:\/\/lamendigapolitica.com\/blog\/wp-content\/uploads\/2021\/02\/7.jpg\" alt=\"\" width=\"277\" height=\"182\" \/><\/a><\/p>\n<p>AFP.- Meghan Markle y el pr\u00edncipe Enrique de Inglaterra, duques de Sussex, esperan su segundo hijo, anunci\u00f3 este domingo por la noche, d\u00eda de San Valent\u00edn, el portavoz de la pareja a los medios brit\u00e1nicos.<\/p>\n<p>\u00abPodemos confirmar que Archie\u00bb, el primer hijo de los duques de Sussex, \u00abser\u00e1 hermano mayor\u00bb, declar\u00f3 el portavoz de la pareja, que dej\u00f3 sus funciones reales en marzo del a\u00f1o pasado.<!--more--><\/p>\n<p>\u00abEl duque y la duquesa de Sussex est\u00e1n locos de alegr\u00eda\u00bb, a\u00f1adi\u00f3.<\/p>\n<p>La reina Isabel II y su esposo, el pr\u00edncipe Felipe, abuelos del pr\u00edncipe Enrique; su padre, Carlos, y \u00abtoda la familia\u00bb real est\u00e1n \u00abfelices y les env\u00edan sus mejores deseos de felicidad\u00bb, seg\u00fan un portavoz del Palacio de Buckingham.<\/p>\n<p>El fot\u00f3grafo Misan Harriman, presentado como un viejo amigo de la pareja por los medios brit\u00e1nicos, tuite\u00f3 una foto en blanco y negro en la que aparec\u00edan sonriendo bajo un \u00e1rbol. Meghan, de 39 a\u00f1os, tiene la mano sobre su vientre.<\/p>\n<p>\u00abMeg, yo estaba en tu boda, siendo testigo de esta historia de amor que empezaba y, amiga m\u00eda, estoy honrado de verla crecer. \u00a1Felicidades al duque y a la duquesa de Sussex por esta feliz noticia!\u00bb, tuite\u00f3.<\/p>\n<p>Meghan revel\u00f3 que sufri\u00f3 un aborto natural en julio pasado, en una columna publicada en noviembre en el diario estadounidense The New York Times.<\/p>\n<p>Tener un aborto es un \u00abdolor insoportable\u00bb, escribi\u00f3, afirmando que ese tema sigue siendo \u00abtab\u00fa\u00bb y est\u00e1 \u00abimpregnado de (una innecesaria) verg\u00fcenza, que perpet\u00faa un ciclo de solitario duelo\u00bb.<\/p>\n<p>Varias asociaciones aplaudieron el hecho de que decidiera compartir su experiencia.<\/p>\n<p>&#8211; Acento estadounidense &#8211;<\/p>\n<p>La noticia llega unos d\u00edas despu\u00e9s de que Meghan ganara un juicio contra un diario sensacionalista brit\u00e1nico al que denunci\u00f3 por invasi\u00f3n de la privacidad tras publicar una carta dirigida a su padre.<\/p>\n<p>Las acciones legales fueron contra el grupo Associated Newspapers, editor del peri\u00f3dico Daily Mail, su versi\u00f3n dominical Mail on Sunday y la web Mail Online.<\/p>\n<p>El pr\u00edncipe Enrique, de 36 a\u00f1os, sexto en el orden de sucesi\u00f3n a la corona brit\u00e1nica, denunci\u00f3 en m\u00faltiples ocasiones la presi\u00f3n de los medios de comunicaci\u00f3n sobre su pareja.<\/p>\n<p>Enrique y Meghan alegaron esta presi\u00f3n como principal motivo de su estrepitosa retirada de la familia real anunciada en enero de 2020.<\/p>\n<p>Desde que la pareja abandon\u00f3 sus obligaciones como parte de la familia real y se mud\u00f3 a California cerraron contratos con plataformas de contenidos como el gigante estadounidense Netflix.<\/p>\n<p>Tras su decisi\u00f3n, hubo quien les acus\u00f3 de querer aprovecharse de su pertenencia a la familia real y de su fama pero sin asumir los aspectos protocolarios que su posici\u00f3n acarrea.<\/p>\n<p>La pareja, por su parte, destac\u00f3 su intenci\u00f3n de trabajar para causas humanitarias a trav\u00e9s de su nueva fundaci\u00f3n, Archwell, cuyo nombre est\u00e1 inspirado en su hijo.<\/p>\n<p>Adem\u00e1s, lanzaron un podcast, en el que Archie, s\u00e9ptimo en el orden de sucesi\u00f3n al trono brit\u00e1nico, habl\u00f3 por primera vez para el p\u00fablico, revelando un fuerte acento estadounidense, algo que fue muy comentado en los medios brit\u00e1nicos.<\/p>\n<p>Hace solo unos d\u00edas, la familia real brit\u00e1nica creci\u00f3 con el nacimiento del hijo de la princesa Eugenia, nieta de la reina Isabel II. El ni\u00f1o, cuyo nombre no fue anunciado, ocupa la 11\u00aa posici\u00f3n en la l\u00ednea de sucesi\u00f3n al trono. Es el noveno biznieto de la soberana.<\/p>\n","protected":false},"excerpt":{"rendered":"<p>AFP.- Meghan Markle y el pr\u00edncipe Enrique de Inglaterra, duques de Sussex, esperan su segundo hijo, anunci\u00f3 este domingo por la noche, d\u00eda de San Valent\u00edn, el portavoz de la pareja a los medios brit\u00e1nicos. \u00abPodemos confirmar que Archie\u00bb, el primer hijo de los duques de Sussex, \u00abser\u00e1 hermano mayor\u00bb, declar\u00f3 el portavoz de la &hellip; <\/p>\n<p><a class=\"more-link btn\" href=\"https:\/\/lamendigapolitica.com\/?p=68353\">Seguir leyendo<\/a><\/p>\n","protected":false},"author":1,"featured_media":0,"comment_status":"open","ping_status":"closed","sticky":false,"template":"","format":"standard","meta":{"footnotes":""},"categories":[36,31,22],"tags":[],"class_list":["post-68353","post","type-post","status-publish","format-standard","hentry","category-espectaculos","category-internacional","category-sociales","item-wrap"],"_links":{"self":[{"href":"https:\/\/lamendigapolitica.com\/index.php?rest_route=\/wp\/v2\/posts\/68353","targetHints":{"allow":["GET"]}}],"collection":[{"href":"https:\/\/lamendigapolitica.com\/index.php?rest_route=\/wp\/v2\/posts"}],"about":[{"href":"https:\/\/lamendigapolitica.com\/index.php?rest_route=\/wp\/v2\/types\/post"}],"author":[{"embeddable":true,"href":"https:\/\/lamendigapolitica.com\/index.php?rest_route=\/wp\/v2\/users\/1"}],"replies":[{"embeddable":true,"href":"https:\/\/lamendigapolitica.com\/index.php?rest_route=%2Fwp%2Fv2%2Fcomments&post=68353"}],"version-history":[{"count":1,"href":"https:\/\/lamendigapolitica.com\/index.php?rest_route=\/wp\/v2\/posts\/68353\/revisions"}],"predecessor-version":[{"id":68355,"href":"https:\/\/lamendigapolitica.com\/index.php?rest_route=\/wp\/v2\/posts\/68353\/revisions\/68355"}],"wp:attachment":[{"href":"https:\/\/lamendigapolitica.com\/index.php?rest_route=%2Fwp%2Fv2%2Fmedia&parent=68353"}],"wp:term":[{"taxonomy":"category","embeddable":true,"href":"https:\/\/lamendigapolitica.com\/index.php?rest_route=%2Fwp%2Fv2%2Fcategories&post=68353"},{"taxonomy":"post_tag","embeddable":true,"href":"https:\/\/lamendigapolitica.com\/index.php?rest_route=%2Fwp%2Fv2%2Ftags&post=68353"}],"curies":[{"name":"wp","href":"https:\/\/api.w.org\/{rel}","templated":true}]}}