{"id":68221,"date":"2021-02-02T18:53:27","date_gmt":"2021-02-03T00:53:27","guid":{"rendered":"http:\/\/lamendigapolitica.com\/?p=68221"},"modified":"2021-02-02T18:53:27","modified_gmt":"2021-02-03T00:53:27","slug":"el-dia-de-la-marmota-de-donde-surge","status":"publish","type":"post","link":"https:\/\/lamendigapolitica.com\/?p=68221","title":{"rendered":"El d\u00eda de la marmota, de donde surge"},"content":{"rendered":"<p><a href=\"https:\/\/lamendigapolitica.com\/blog\/wp-content\/uploads\/2021\/02\/dia-de-la-marmota-2.jpg.imgo_.jpg\"><img loading=\"lazy\" decoding=\"async\" class=\"aligncenter size-full wp-image-68222\" src=\"https:\/\/lamendigapolitica.com\/blog\/wp-content\/uploads\/2021\/02\/dia-de-la-marmota-2.jpg.imgo_.jpg\" alt=\"\" width=\"1000\" height=\"536\" \/><\/a><\/p>\n<p>NatGeo.- El D\u00eda de la Marmota se celebra el 2 de febrero en Estados Unidos y Canad\u00e1. La m\u00e1s popular es la que se realiza en Punxsutawney, donde una marmota llamada Phil es sacada del abrigo de su madriguera en un tronco de \u00e1rbol cerca del amanecer.<!--more--><\/p>\n<p>Seg\u00fan la tradici\u00f3n, si Phil ve su sombra, habr\u00e1 seis semanas m\u00e1s de invierno en Norteam\u00e9rica. Si no la ve, porque est\u00e9 nublado, por ejemplo, la primavera llegar\u00e1 pronto.<\/p>\n<p>La tradici\u00f3n del D\u00eda de la Marmota tiene or\u00edgenes religiosos. Todo comenz\u00f3 con el D\u00eda de la Candelaria, una fecha festiva en la tradici\u00f3n cristiana en la que, hace cientos de a\u00f1os en Europa, los sacerdotes bendec\u00edan velas y las repart\u00edan.<\/p>\n<p>Los que participaban ten\u00edan la creencia que si el cielo estaba despejado ese d\u00eda, el invierno ser\u00eda largo. Los romanos llevaron la tradici\u00f3n a los alemanes, quienes concluyeron que si el sol aparec\u00eda ese d\u00eda, un erizo podr\u00eda ver su sombra y eso indicar\u00eda que habr\u00eda seis semanas m\u00e1s de frio, o un \u00absegundo invierno\u00bb.<\/p>\n<p>M\u00e1s tarde, los alemanes que inmigraron a Pensilvania llevaron la tradici\u00f3n con ellos a ese estado donde las marmotas habitan en varias partes. Y fue entonces cuando la marmota reemplaz\u00f3 al erizo como pronosticadora meteorol\u00f3gica.<\/p>\n","protected":false},"excerpt":{"rendered":"<p>NatGeo.- El D\u00eda de la Marmota se celebra el 2 de febrero en Estados Unidos y Canad\u00e1. La m\u00e1s popular es la que se realiza en Punxsutawney, donde una marmota llamada Phil es sacada del abrigo de su madriguera en un tronco de \u00e1rbol cerca del amanecer.<\/p><p><a class=\"more-link btn\" href=\"https:\/\/lamendigapolitica.com\/?p=68221\">Seguir leyendo<\/a><\/p>\n","protected":false},"author":1,"featured_media":0,"comment_status":"open","ping_status":"closed","sticky":false,"template":"","format":"standard","meta":{"footnotes":""},"categories":[26,36],"tags":[],"class_list":["post-68221","post","type-post","status-publish","format-standard","hentry","category-cultura","category-espectaculos","item-wrap"],"_links":{"self":[{"href":"https:\/\/lamendigapolitica.com\/index.php?rest_route=\/wp\/v2\/posts\/68221","targetHints":{"allow":["GET"]}}],"collection":[{"href":"https:\/\/lamendigapolitica.com\/index.php?rest_route=\/wp\/v2\/posts"}],"about":[{"href":"https:\/\/lamendigapolitica.com\/index.php?rest_route=\/wp\/v2\/types\/post"}],"author":[{"embeddable":true,"href":"https:\/\/lamendigapolitica.com\/index.php?rest_route=\/wp\/v2\/users\/1"}],"replies":[{"embeddable":true,"href":"https:\/\/lamendigapolitica.com\/index.php?rest_route=%2Fwp%2Fv2%2Fcomments&post=68221"}],"version-history":[{"count":1,"href":"https:\/\/lamendigapolitica.com\/index.php?rest_route=\/wp\/v2\/posts\/68221\/revisions"}],"predecessor-version":[{"id":68223,"href":"https:\/\/lamendigapolitica.com\/index.php?rest_route=\/wp\/v2\/posts\/68221\/revisions\/68223"}],"wp:attachment":[{"href":"https:\/\/lamendigapolitica.com\/index.php?rest_route=%2Fwp%2Fv2%2Fmedia&parent=68221"}],"wp:term":[{"taxonomy":"category","embeddable":true,"href":"https:\/\/lamendigapolitica.com\/index.php?rest_route=%2Fwp%2Fv2%2Fcategories&post=68221"},{"taxonomy":"post_tag","embeddable":true,"href":"https:\/\/lamendigapolitica.com\/index.php?rest_route=%2Fwp%2Fv2%2Ftags&post=68221"}],"curies":[{"name":"wp","href":"https:\/\/api.w.org\/{rel}","templated":true}]}}