{"id":68140,"date":"2021-01-26T20:06:19","date_gmt":"2021-01-27T02:06:19","guid":{"rendered":"http:\/\/lamendigapolitica.com\/?p=68140"},"modified":"2021-01-26T20:06:19","modified_gmt":"2021-01-27T02:06:19","slug":"recibira-el-cecil-b-demille-en-los-globos-de-oro-jane-fonda","status":"publish","type":"post","link":"https:\/\/lamendigapolitica.com\/?p=68140","title":{"rendered":"Recibir\u00e1 el Cecil B. DeMille en los Globos de Oro Jane Fonda"},"content":{"rendered":"<p><a href=\"https:\/\/lamendigapolitica.com\/blog\/wp-content\/uploads\/2021\/01\/1000.jpeg\"><img loading=\"lazy\" decoding=\"async\" class=\"aligncenter size-full wp-image-68141\" src=\"https:\/\/lamendigapolitica.com\/blog\/wp-content\/uploads\/2021\/01\/1000.jpeg\" alt=\"\" width=\"714\" height=\"1000\" \/><\/a><\/p>\n<p>AP.\u2014 Jane Fonda se consolid\u00f3 en Hollywood como una actriz camale\u00f3nica y una activista social, y ahora los Globos de Oro honrar\u00e1n su ilustre carrera con su m\u00e1ximo galard\u00f3n.<\/p>\n<p>Fonda recibir\u00e1 el Premio Cecil B. DeMille durante la 78va ceremonia anual de premios el 28 de febrero, anunci\u00f3 el martes la Asociaci\u00f3n de la Prensa Extranjera de Hollywood, que otorga estos reconocimientos. Miembro de una de las familias de actores m\u00e1s distinguidas de Estados Unidos, Fonda ha cautivado e inspirado a admiradores y cr\u00edticos con su trabajo en pel\u00edculas como \u201cKlute\u201d (\u201cMi pasado me condena\u201d) y \u201cComing Home\u201d (\u201cRegreso sin gloria\u201d).<!--more--><\/p>\n<p>La hija del ganador del Oscar Henry Fonda y hermana de Peter Fonda tuvo impacto fuera de la pantalla al crear organizaciones para apoyar la igualdad de las mujeres, prevenir el embarazo adolescente y mejorar la salud adolescente. Tambi\u00e9n lanz\u00f3 un video de ejercicios en 1982 y se mantuvo activa en causas pol\u00edticas liberales.<\/p>\n<p>En un comunicado, el presidente de la Asociaci\u00f3n de la Prensa Extranjera de Hollywood FPA Ali Sar aplaudi\u00f3 la carrera de la actriz laureada con el Globo de Oro y su \u201cconstante activismo\u201d.<\/p>\n<p>\u201cSu indiscutible talento le ha merecido el m\u00e1ximo nivel de reconocimiento\u201d, dijo Sar de Fonda. \u201cMientras su vida profesional ha dado muchos giros, su firme compromiso para evocar cambio ha persistido\u201d.<\/p>\n<p>El Premio Cecil B. DeMille se otorga anualmente a un \u201cindividuo que haya tenido un impacto significativo en el mundo del entretenimiento\u201d.<\/p>\n<p>Agasajados previos incluyen a Tom Hanks, Jeff Bridges, Oprah Winfrey, Morgan Freeman, Meryl Streep, Barbra Streisand, Sidney Poitier y Lucille Ball.<\/p>\n<p>Las nominaciones a los Globos de Oro se anunciar\u00e1n el 3 de febrero.<\/p>\n<p>Fonda, de 83 a\u00f1os, ha sido nominada a cinco Oscar y ha ganado dos, por el thriller \u201cKlute\u201d y el compasivo drama antib\u00e9lico \u201cComing Home\u201d. Entre otras de sus pel\u00edculas prominentes est\u00e1n \u201cThe China Syndrome\u201d (\u201cEl s\u00edndrome de China\u201d), \u201cThe Electric Horseman\u201d (\u201cEl jinete el\u00e9ctrico\u201d) con Robert Redford, y \u201c9 to 5\u201d (\u201cC\u00f3mo eliminar a su jefe\u201d) con Lily Tomlin y Dolly Parton. Actualmente protagoniza la serie de Netflix \u201cGrace &amp; Frankie\u201d.<\/p>\n<p>Fonda adquiri\u00f3 notoriedad en la d\u00e9cada de 1970 cuando viaj\u00f3 al norte de Vietnam durante el apogeo de las protestas contra la Guerra de Vietnam y pos\u00f3 junto a un ca\u00f1\u00f3n antia\u00e9reo. Fue duramente criticada por su decisi\u00f3n de tomarse esa foto, por la que recibi\u00f3 el apodo de \u201cHanoi Jane\u201d, y se disculp\u00f3 por sus acciones en repetidas ocasiones.<\/p>\n<p>En 2014 recibi\u00f3 un premio a la trayectoria del Instituto de Cine Estadounidense (AFI, por sus siglas en ingl\u00e9s). Lanz\u00f3 el IndieCollect\u2019s Jane Fonda Fund for Women Directors, una organizaci\u00f3n dirigida a apoyar la restauraci\u00f3n de pel\u00edculas dirigidas por mujeres de todas partes del mundo.<\/p>\n<p>En 2019, fue arrestada en el Capitolio estadounidense mientras se manifestaba pac\u00edficamente sobre el cambio clim\u00e1tico, en una serie de protestas llamadas Fire Drill Fridays.<\/p>\n<p>Para su 80mo cumplea\u00f1os, recaud\u00f3 un mill\u00f3n de d\u00f3lares para cada una de sus fundaciones, la Georgia Campaign for Adolescent Power &amp; Potential y la Women\u2019s Media Center. Tambi\u00e9n es parte de la junta directiva e hizo un donativo de un mill\u00f3n de d\u00f3lares a Donor Direct Action, un grupo que apoya las organizaciones de mujeres al frente para promover la igualdad.<\/p>\n<p>Su libro \u201cWhat Can I Do? My Path from Climate Despair to Action\u201d (\u00bfQu\u00e9 puedo hacer?: Mi camino de la desesperaci\u00f3n clim\u00e1tica a la acci\u00f3n), publicado el a\u00f1o pasado, detalla su trayecto personal en Fire Drill Fridays.<\/p>\n","protected":false},"excerpt":{"rendered":"<p>AP.\u2014 Jane Fonda se consolid\u00f3 en Hollywood como una actriz camale\u00f3nica y una activista social, y ahora los Globos de Oro honrar\u00e1n su ilustre carrera con su m\u00e1ximo galard\u00f3n. Fonda recibir\u00e1 el Premio Cecil B. DeMille durante la 78va ceremonia anual de premios el 28 de febrero, anunci\u00f3 el martes la Asociaci\u00f3n de la Prensa &hellip; <\/p>\n<p><a class=\"more-link btn\" href=\"https:\/\/lamendigapolitica.com\/?p=68140\">Seguir leyendo<\/a><\/p>\n","protected":false},"author":1,"featured_media":0,"comment_status":"open","ping_status":"closed","sticky":false,"template":"","format":"standard","meta":{"footnotes":""},"categories":[36,22],"tags":[],"class_list":["post-68140","post","type-post","status-publish","format-standard","hentry","category-espectaculos","category-sociales","item-wrap"],"_links":{"self":[{"href":"https:\/\/lamendigapolitica.com\/index.php?rest_route=\/wp\/v2\/posts\/68140","targetHints":{"allow":["GET"]}}],"collection":[{"href":"https:\/\/lamendigapolitica.com\/index.php?rest_route=\/wp\/v2\/posts"}],"about":[{"href":"https:\/\/lamendigapolitica.com\/index.php?rest_route=\/wp\/v2\/types\/post"}],"author":[{"embeddable":true,"href":"https:\/\/lamendigapolitica.com\/index.php?rest_route=\/wp\/v2\/users\/1"}],"replies":[{"embeddable":true,"href":"https:\/\/lamendigapolitica.com\/index.php?rest_route=%2Fwp%2Fv2%2Fcomments&post=68140"}],"version-history":[{"count":1,"href":"https:\/\/lamendigapolitica.com\/index.php?rest_route=\/wp\/v2\/posts\/68140\/revisions"}],"predecessor-version":[{"id":68142,"href":"https:\/\/lamendigapolitica.com\/index.php?rest_route=\/wp\/v2\/posts\/68140\/revisions\/68142"}],"wp:attachment":[{"href":"https:\/\/lamendigapolitica.com\/index.php?rest_route=%2Fwp%2Fv2%2Fmedia&parent=68140"}],"wp:term":[{"taxonomy":"category","embeddable":true,"href":"https:\/\/lamendigapolitica.com\/index.php?rest_route=%2Fwp%2Fv2%2Fcategories&post=68140"},{"taxonomy":"post_tag","embeddable":true,"href":"https:\/\/lamendigapolitica.com\/index.php?rest_route=%2Fwp%2Fv2%2Ftags&post=68140"}],"curies":[{"name":"wp","href":"https:\/\/api.w.org\/{rel}","templated":true}]}}