{"id":67318,"date":"2020-11-19T23:40:16","date_gmt":"2020-11-20T05:40:16","guid":{"rendered":"http:\/\/lamendigapolitica.com\/?p=67318"},"modified":"2020-11-19T23:40:16","modified_gmt":"2020-11-20T05:40:16","slug":"inaugura-zapopan-mural-para-reconocer-a-proteccion-civil-y-bomberos","status":"publish","type":"post","link":"https:\/\/lamendigapolitica.com\/?p=67318","title":{"rendered":"Inaugura Zapopan mural para reconocer a Protecci\u00f3n Civil y Bomberos"},"content":{"rendered":"<p><a href=\"https:\/\/lamendigapolitica.com\/blog\/wp-content\/uploads\/2020\/11\/6-5.jpg\"><img loading=\"lazy\" decoding=\"async\" class=\"aligncenter size-full wp-image-67319\" src=\"https:\/\/lamendigapolitica.com\/blog\/wp-content\/uploads\/2020\/11\/6-5.jpg\" alt=\"\" width=\"900\" height=\"587\" \/><\/a><\/p>\n<div>\n<p class=\"x_MsoNormal\" align=\"center\"><i>La obra tiene dimensiones de 48 x 4.20 metros y es autor\u00eda de los artistas Rub\u00e9n Aguilar, Eduardo \u00c1valos, C\u00e9sar T\u00e9llez, Ismael Delgado y Edson Velasco, \u201cKorba\u201d y se encuentra plasmado en la Base Central<\/i><\/p>\n<p class=\"x_MsoNormal\" align=\"center\"><i>Se entregaron 75 equipos de protecci\u00f3n a personal operativo que cuenta con certificaci\u00f3n NFPA, constan de piezas como chaquet\u00f3n, pantalonera, guantes, casco y botas<\/i><\/p>\n<p class=\"x_MsoNormal\">En reconocimiento al hero\u00edsmo, compromiso y vocaci\u00f3n de servicio de las y los elementos de la Coordinaci\u00f3n Municipal de Protecci\u00f3n Civil y Bomberos Zapopan se inaugur\u00f3 el mural en honor a la labor y\u00a0 entrega de equipamiento de protecci\u00f3n personal para miembros de la Divisi\u00f3n de Incendios Estructurales.<\/p>\n<\/div>\n<p><!--more--><\/p>\n<p>El mural cuenta con dimensiones de 48 x 4.2 metros aproximadamente, es autor\u00eda de los artistas Rub\u00e9n Aguilar, Eduardo \u00c1valos, C\u00e9sar T\u00e9llez, Ismael Delgado y Edson Velasco \u201cKorba\u201d y se encuentra plasmado en la Base Central de la corporaci\u00f3n ubicada en la colonia Los Para\u00edsos.<\/p>\n<p>\u201cLas emociones que transmite al verlo nos permite recordar eventos (\u2026), todas estas im\u00e1genes fueron de eventos reales, y adem\u00e1s del reconocimiento tienen un mensaje y para quienes lo conocemos, lo volvemos a sentir\u201d, expres\u00f3 el Comandante Sergio Ram\u00edrez L\u00f3pez, Coordinador Municipal de Protecci\u00f3n Civil y Bomberos del Municipio.<\/p>\n<p>La pieza fue elaborada en el marco del programa Ni\u00f1@s chid@ que originalmente plantea perdurar, a trav\u00e9s de murales, el orgullo y respeto que representan los logros de algunos ni\u00f1os y ni\u00f1as sobresalientes del municipio.<\/p>\n<p>Durante el evento se entregaron 75 equipos de protecci\u00f3n personal a elementos operativos de la corporaci\u00f3n que cuentan con certificaci\u00f3n NFPA \u2014National Fire Protection Association, por sus siglas en ingl\u00e9s\u2014 y constan de piezas como chaquet\u00f3n, pantalonera, guantes, casco y botas.<\/p>\n<p>Cada uno de los equipos es de uso individual y est\u00e1 personalizado con la distinci\u00f3n de la instituci\u00f3n y el nombre del elemento que lo portar\u00e1, y la tecnolog\u00eda de los cascos permite que pueden ser utilizados al interior de los veh\u00edculos durante el trayecto; lo anterior para garantizar la seguridad de los bomberos en la atenci\u00f3n a una emergencia.<\/p>\n<p>El Comandante Sergio Ram\u00edrez L\u00f3pez se\u00f1al\u00f3 que durante la administraci\u00f3n que encabeza el Alcalde Pablo Lemus se ha realizado una inversi\u00f3n sin precedentes en la corporaci\u00f3n y se ha brindado equipamiento de calidad para los elementos.<\/p>\n<p>Adem\u00e1s, en su calidad de Presidente de la Asociaci\u00f3n Mexicana de Jefes de Bomberos (AMJB), Ram\u00edrez L\u00f3pez se solidariz\u00f3 con bomberos de algunos estados del pa\u00eds donde se ha suscitado el cierre de bases operativas por falta de recursos e inst\u00f3 a la importancia de que los gobiernos inviertan en mecanismos que fomenten la seguridad de las comunidades.<\/p>\n<p>A\u00f1adi\u00f3 que la mayor parte de los cuerpos de bomberos en M\u00e9xico subsisten con base en donaciones en efectivo o en especie y, en la mayor\u00eda de los casos, se reciben equipos obsoletos que ponen en riesgo la integridad de los \u201ctragahumo\u201d.<\/p>\n<p>\u201cEl hero\u00edsmo y la abnegaci\u00f3n no debe traducirse en arriesgar o perder la vida en la atenci\u00f3n de una emergencia, y menos por falta de equipo. El d\u00eda de hoy se entrega equipo nuevo y tecnolog\u00eda en un contexto donde ha sido sumamente complicado adquirirlos por la crisis financiera ajena al Municipio, despu\u00e9s de la interrupci\u00f3n de actividades por la pandemia que obligaron a redireccionar la inversi\u00f3n a otros rubros para cuidado inmediato de los zapopanos (\u2026) La entrega del d\u00eda de hoy es vital para continuar con la labor de manera segura y con un equipo de calidad\u201d, asever\u00f3.<\/p>\n","protected":false},"excerpt":{"rendered":"<p>La obra tiene dimensiones de 48 x 4.20 metros y es autor\u00eda de los artistas Rub\u00e9n Aguilar, Eduardo \u00c1valos, C\u00e9sar T\u00e9llez, Ismael Delgado y Edson Velasco, \u201cKorba\u201d y se encuentra plasmado en la Base Central Se entregaron 75 equipos de protecci\u00f3n a personal operativo que cuenta con certificaci\u00f3n NFPA, constan de piezas como chaquet\u00f3n, pantalonera, &hellip; <\/p>\n<p><a class=\"more-link btn\" href=\"https:\/\/lamendigapolitica.com\/?p=67318\">Seguir leyendo<\/a><\/p>\n","protected":false},"author":1,"featured_media":0,"comment_status":"open","ping_status":"closed","sticky":false,"template":"","format":"standard","meta":{"footnotes":""},"categories":[36,20,3,27,22],"tags":[],"class_list":["post-67318","post","type-post","status-publish","format-standard","hentry","category-espectaculos","category-gobierno","category-politica","category-seguridad","category-sociales","item-wrap"],"_links":{"self":[{"href":"https:\/\/lamendigapolitica.com\/index.php?rest_route=\/wp\/v2\/posts\/67318","targetHints":{"allow":["GET"]}}],"collection":[{"href":"https:\/\/lamendigapolitica.com\/index.php?rest_route=\/wp\/v2\/posts"}],"about":[{"href":"https:\/\/lamendigapolitica.com\/index.php?rest_route=\/wp\/v2\/types\/post"}],"author":[{"embeddable":true,"href":"https:\/\/lamendigapolitica.com\/index.php?rest_route=\/wp\/v2\/users\/1"}],"replies":[{"embeddable":true,"href":"https:\/\/lamendigapolitica.com\/index.php?rest_route=%2Fwp%2Fv2%2Fcomments&post=67318"}],"version-history":[{"count":1,"href":"https:\/\/lamendigapolitica.com\/index.php?rest_route=\/wp\/v2\/posts\/67318\/revisions"}],"predecessor-version":[{"id":67320,"href":"https:\/\/lamendigapolitica.com\/index.php?rest_route=\/wp\/v2\/posts\/67318\/revisions\/67320"}],"wp:attachment":[{"href":"https:\/\/lamendigapolitica.com\/index.php?rest_route=%2Fwp%2Fv2%2Fmedia&parent=67318"}],"wp:term":[{"taxonomy":"category","embeddable":true,"href":"https:\/\/lamendigapolitica.com\/index.php?rest_route=%2Fwp%2Fv2%2Fcategories&post=67318"},{"taxonomy":"post_tag","embeddable":true,"href":"https:\/\/lamendigapolitica.com\/index.php?rest_route=%2Fwp%2Fv2%2Ftags&post=67318"}],"curies":[{"name":"wp","href":"https:\/\/api.w.org\/{rel}","templated":true}]}}