{"id":67149,"date":"2020-11-08T20:03:30","date_gmt":"2020-11-09T02:03:30","guid":{"rendered":"http:\/\/lamendigapolitica.com\/?p=67149"},"modified":"2020-11-08T20:03:30","modified_gmt":"2020-11-09T02:03:30","slug":"premio-jalisco-2020-ya-tiene-ganadores-en-ocho-ambitos","status":"publish","type":"post","link":"https:\/\/lamendigapolitica.com\/?p=67149","title":{"rendered":"Premio Jalisco 2020 ya tiene ganadores en ocho \u00e1mbitos"},"content":{"rendered":"<p><a href=\"https:\/\/lamendigapolitica.com\/blog\/wp-content\/uploads\/2020\/11\/6-1.jpg\"><img loading=\"lazy\" decoding=\"async\" class=\"aligncenter size-full wp-image-67150\" src=\"https:\/\/lamendigapolitica.com\/blog\/wp-content\/uploads\/2020\/11\/6-1.jpg\" alt=\"\" width=\"284\" height=\"177\" \/><\/a><\/p>\n<p>Jaliscienses ejemplares recibir\u00e1n un est\u00edmulo econ\u00f3mico y una medalla por poner en alto el nombre del estado con su quehacer en la cultura, civismo, humanismo, laboral, literatura, ciencia, deporte y medio ambiente<\/p>\n<p>El Premio Jalisco 2020 ya tiene ganadores en los \u00e1mbitos Human\u00edstico, Laboral, Literario, Cultural, C\u00edvico, Cient\u00edfico, Deportivo y Ambiental, galard\u00f3n que el Gobierno del Estado entrega a personalidades que trascienden y son modelos a seguir al mejorar su entorno y poner en alto el nombre de la entidad.<\/p>\n<p><!--more--><\/p>\n<p>Este 27 de octubre de 2020 en el Peri\u00f3dico Oficial El Estado de Jalisco se publicaron los nombres de los ganadores a quienes se les entregar\u00e1 un est\u00edmulo econ\u00f3mico y una presea.<\/p>\n<p>La lista qued\u00f3 de la siguiente manera:<br \/>\nEn el \u00e1mbito Human\u00edstico el premio es para Rub\u00e9n Anguiano Estrella, fundador y director del Centro de Salud Equina \u201cLos Alamitos\u201d, quien desde 1980 ha prestado apoyo educativo y acad\u00e9mico a la ense\u00f1anza de la medicina, cirug\u00eda y reproducci\u00f3n de equinos a la Universidad de Guadalajara (UdeG) y a otras instituciones de educaci\u00f3n superior.<\/p>\n<p>En Literatura, el reconocimiento se lo queda este a\u00f1o Ra\u00fal Aceves Lozano, quien desde la d\u00e9cada de los 80 es integrante de la Asamblea de Poetas J\u00f3venes de M\u00e9xico y quien participa desde entonces en antolog\u00edas y anuarios de Poes\u00eda Joven del INBA. Es acad\u00e9mico de la UdeG, poeta jornalero y experto en temas como poes\u00eda coreana contempor\u00e1nea, cultura wix\u00e1rica, entre otros.<\/p>\n<p>En el \u00e1mbito Cultural es Isaac Hern\u00e1ndez Fern\u00e1ndez el acreedor del Premio Jalisco 2020, bailar\u00edn a quien en 2004 el Consejo Nacional para la Cultura y las Artes lo nombr\u00f3 Orgullo de M\u00e9xico. A los 15 a\u00f1os subi\u00f3 al podio de los galardonados de Mosc\u00fa y a los 16 a\u00f1os logr\u00f3 la medalla de oro en el International Ballet Competition. Como primer bailar\u00edn ha pisado la duela de la \u00d3pera de Par\u00eds, el Teatro Mariinsky y la \u00d3pera de Viena.<\/p>\n<p>Alan L\u00f3pez Ram\u00edrez y Andr\u00e9s G\u00f3mez Flores son reconocidos en el \u00e1mbito C\u00edvico, por arriesgar su vida al ayudar en el rescate de personas durante la tormenta tropical \u201cHern\u00e1n\u201d en Cihuatl\u00e1n, Jalisco. Estos j\u00f3venes pescadores colaboraron con autoridades de Protecci\u00f3n Civil del Estado para salvar la vida de poco m\u00e1s de 20 personas.<\/p>\n<p>En el campo Laboral, Mar\u00eda Isabel Lazo Corvera, fundadora y directora de Pasteler\u00edas Marisa, es la reconocida en esta edici\u00f3n del Premio. Desde 1992 que fund\u00f3 este negocio, Marisa ha abierto cerca de 900 espacios laborales. Su filosof\u00eda empresarial es concebir a sus trabajadores como colaboradores, es por ello que los apoya en distintos aspectos para mejorar su vida y la de sus familias.<\/p>\n<p>Jos\u00e9 Francisco Mu\u00f1oz Valle es el due\u00f1o del reconocimiento en el medio Cient\u00edfico por su trabajo como investigador, mismo que en muchas ocasiones ha sido reconocido por temas como autoinmunidad e inmunidad gen\u00e9tica, en la Universidad de Guadalajara. Con la llegada del COVID-19, Mu\u00f1\u00f3z Valle es quien ha encabezado los trabajos de la sala de salud ante esta pandemia en los hospitales civiles.<\/p>\n<p>En el Deporte, Nuria Diosdado Garc\u00eda recibe el premio. Ella cuenta con una trayectoria ejemplar en nataci\u00f3n. Es considerada como una de las 10 mejores en el mundo, pues desde los 11 a\u00f1os ha formado parte de selecciones nacionales en este \u00e1mbito y ahora se prepara para representar al pa\u00eds en los Juegos Ol\u00edmpicos del 2021.<\/p>\n<p>En el \u00e1mbito Ambiental, Tania V\u00e1zquez Mendoza se lleva el premio por ser integrante fundadora de \u201cSalvemos al Bosque\u201d, el colectivo que preside desde hace 9 a\u00f1os.<\/p>\n<p>Tania fue estratega del decreto del Cerro del Tajo, emitido en 2018, con lo que se protegi\u00f3 de la urbanizaci\u00f3n a muchas hect\u00e1reas en la zona de La Primavera.<\/p>\n<p>Los ganadores en estos 8 \u00e1mbitos en los pr\u00f3ximos d\u00edas ser\u00e1n galardonados por las autoridades estatales.<\/p>\n<p>&nbsp;<\/p>\n","protected":false},"excerpt":{"rendered":"<p>Jaliscienses ejemplares recibir\u00e1n un est\u00edmulo econ\u00f3mico y una medalla por poner en alto el nombre del estado con su quehacer en la cultura, civismo, humanismo, laboral, literatura, ciencia, deporte y medio ambiente El Premio Jalisco 2020 ya tiene ganadores en los \u00e1mbitos Human\u00edstico, Laboral, Literario, Cultural, C\u00edvico, Cient\u00edfico, Deportivo y Ambiental, galard\u00f3n que el Gobierno &hellip; <\/p>\n<p><a class=\"more-link btn\" href=\"https:\/\/lamendigapolitica.com\/?p=67149\">Seguir leyendo<\/a><\/p>\n","protected":false},"author":1,"featured_media":0,"comment_status":"open","ping_status":"closed","sticky":false,"template":"","format":"standard","meta":{"footnotes":""},"categories":[26,36,20,22],"tags":[],"class_list":["post-67149","post","type-post","status-publish","format-standard","hentry","category-cultura","category-espectaculos","category-gobierno","category-sociales","item-wrap"],"_links":{"self":[{"href":"https:\/\/lamendigapolitica.com\/index.php?rest_route=\/wp\/v2\/posts\/67149","targetHints":{"allow":["GET"]}}],"collection":[{"href":"https:\/\/lamendigapolitica.com\/index.php?rest_route=\/wp\/v2\/posts"}],"about":[{"href":"https:\/\/lamendigapolitica.com\/index.php?rest_route=\/wp\/v2\/types\/post"}],"author":[{"embeddable":true,"href":"https:\/\/lamendigapolitica.com\/index.php?rest_route=\/wp\/v2\/users\/1"}],"replies":[{"embeddable":true,"href":"https:\/\/lamendigapolitica.com\/index.php?rest_route=%2Fwp%2Fv2%2Fcomments&post=67149"}],"version-history":[{"count":1,"href":"https:\/\/lamendigapolitica.com\/index.php?rest_route=\/wp\/v2\/posts\/67149\/revisions"}],"predecessor-version":[{"id":67151,"href":"https:\/\/lamendigapolitica.com\/index.php?rest_route=\/wp\/v2\/posts\/67149\/revisions\/67151"}],"wp:attachment":[{"href":"https:\/\/lamendigapolitica.com\/index.php?rest_route=%2Fwp%2Fv2%2Fmedia&parent=67149"}],"wp:term":[{"taxonomy":"category","embeddable":true,"href":"https:\/\/lamendigapolitica.com\/index.php?rest_route=%2Fwp%2Fv2%2Fcategories&post=67149"},{"taxonomy":"post_tag","embeddable":true,"href":"https:\/\/lamendigapolitica.com\/index.php?rest_route=%2Fwp%2Fv2%2Ftags&post=67149"}],"curies":[{"name":"wp","href":"https:\/\/api.w.org\/{rel}","templated":true}]}}