{"id":67140,"date":"2020-11-07T22:49:34","date_gmt":"2020-11-08T04:49:34","guid":{"rendered":"http:\/\/lamendigapolitica.com\/?p=67140"},"modified":"2020-11-07T22:49:34","modified_gmt":"2020-11-08T04:49:34","slug":"dejan-fuera-a-johnny-depp-de-fantastic-beasts","status":"publish","type":"post","link":"https:\/\/lamendigapolitica.com\/?p=67140","title":{"rendered":"Dejan fuera a Johnny Depp de \u201cFantastic Beasts\u201d"},"content":{"rendered":"<p><a href=\"https:\/\/lamendigapolitica.com\/blog\/wp-content\/uploads\/2020\/11\/3.jpg\"><img loading=\"lazy\" decoding=\"async\" class=\"aligncenter size-full wp-image-67141\" src=\"https:\/\/lamendigapolitica.com\/blog\/wp-content\/uploads\/2020\/11\/3.jpg\" alt=\"\" width=\"290\" height=\"174\" \/><\/a><\/p>\n<p class=\"Component-root-0-2-56 Component-p-0-2-47\">AP.\u2014 Johnny Depp\u00a0Depp dijo el viernes en una carta publicada en Instagram que dejar\u00e1 el papel del oscuro mago Gellert Grindelwald despu\u00e9s de que el estudio pidi\u00f3 su renuncia. Depp dijo que hac\u00eda el anuncio \u201ca la luz de eventos recientes\u201d.<\/p>\n<p><!--more--><\/p>\n<p class=\"Component-root-0-2-56 Component-p-0-2-47\">\u201cDeseo informales que Warner Bros. me pidi\u00f3 que renunciara a mi papel de Grindelwald en \u2018Fantastic Beasts\u2019 y yo he respetado y accedido a esa solicitud\u201d, dijo Depp.<\/p>\n<p class=\"Component-root-0-2-56 Component-p-0-2-47\">Warner Bros. confirm\u00f3 la salida de Depp y dijo que seleccionar\u00e1 a otro actor para el papel. \u201cLe agradecemos a Johnny por su trabajo en las pel\u00edculas hasta la fecha\u201d, se\u00f1al\u00f3 el estudio en un comunicado. La tercera cinta entrega de \u201cFantastic Beasts\u201d est\u00e1 actualmente en producci\u00f3n.<\/p>\n<p class=\"Component-root-0-2-56 Component-p-0-2-47\">Depp tambi\u00e9n dijo que apelar\u00e1 el fallo que emiti\u00f3 un juez brit\u00e1nico esta semana. Despu\u00e9s de escuchar las declaraciones de Depp y su exesposa Amber Heard en el sonado caso, el juez Andrew Nicol dijo que las acusaciones contra Depp eran \u201csustancialmente ciertas\u201d. Depp demand\u00f3 a News Group Newspapers, editorial de The Sun, y a su editor ejecutivo Dan Wootton, por un art\u00edculo que lo acusaba de agredir a Heard.<\/p>\n<p class=\"Component-root-0-2-56 Component-p-0-2-47\">\u201cEl juicio surrealista de la corte en Gran Breta\u00f1a no cambiar\u00e1 mi lucha para contar la verdad y confirmo que planeo apelar\u201d, dijo Depp el viernes. \u201cMi decisi\u00f3n se mantiene firme y pretendo demostrar que todas las acusaciones en mi contra son falsas. Mi vida y mi carrera no ser\u00e1n definidas por este momento\u201d.<\/p>\n<p class=\"Component-root-0-2-56 Component-p-0-2-47\">\u201cFantastic Beasts\u201d, una precuela de la saga de \u201cHarry Potter\u201d, ha amasado casi 1.500 millones de d\u00f3lares entre \u201cFantastic Beasts and Where to Find Them\u201d (\u201cAnimales fant\u00e1sticos y d\u00f3nde encontrarlos\u201d) de 2016 y \u201cFantastic Beasts: The Crimes of Grindelwald\u201d (\u201cAnimales fant\u00e1sticos: los cr\u00edmenes de Grindelwald\u201d) de 2018. El viernes Warner Bros. pospuso el estreno de la tercera pel\u00edcula de \u201cFantastic Beasts\u201d de noviembre del pr\u00f3ximo a\u00f1o al verano de 2022.<\/p>\n","protected":false},"excerpt":{"rendered":"<p>AP.\u2014 Johnny Depp\u00a0Depp dijo el viernes en una carta publicada en Instagram que dejar\u00e1 el papel del oscuro mago Gellert Grindelwald despu\u00e9s de que el estudio pidi\u00f3 su renuncia. Depp dijo que hac\u00eda el anuncio \u201ca la luz de eventos recientes\u201d.<\/p><p><a class=\"more-link btn\" href=\"https:\/\/lamendigapolitica.com\/?p=67140\">Seguir leyendo<\/a><\/p>\n","protected":false},"author":1,"featured_media":0,"comment_status":"open","ping_status":"closed","sticky":false,"template":"","format":"standard","meta":{"footnotes":""},"categories":[36,31],"tags":[],"class_list":["post-67140","post","type-post","status-publish","format-standard","hentry","category-espectaculos","category-internacional","item-wrap"],"_links":{"self":[{"href":"https:\/\/lamendigapolitica.com\/index.php?rest_route=\/wp\/v2\/posts\/67140","targetHints":{"allow":["GET"]}}],"collection":[{"href":"https:\/\/lamendigapolitica.com\/index.php?rest_route=\/wp\/v2\/posts"}],"about":[{"href":"https:\/\/lamendigapolitica.com\/index.php?rest_route=\/wp\/v2\/types\/post"}],"author":[{"embeddable":true,"href":"https:\/\/lamendigapolitica.com\/index.php?rest_route=\/wp\/v2\/users\/1"}],"replies":[{"embeddable":true,"href":"https:\/\/lamendigapolitica.com\/index.php?rest_route=%2Fwp%2Fv2%2Fcomments&post=67140"}],"version-history":[{"count":1,"href":"https:\/\/lamendigapolitica.com\/index.php?rest_route=\/wp\/v2\/posts\/67140\/revisions"}],"predecessor-version":[{"id":67142,"href":"https:\/\/lamendigapolitica.com\/index.php?rest_route=\/wp\/v2\/posts\/67140\/revisions\/67142"}],"wp:attachment":[{"href":"https:\/\/lamendigapolitica.com\/index.php?rest_route=%2Fwp%2Fv2%2Fmedia&parent=67140"}],"wp:term":[{"taxonomy":"category","embeddable":true,"href":"https:\/\/lamendigapolitica.com\/index.php?rest_route=%2Fwp%2Fv2%2Fcategories&post=67140"},{"taxonomy":"post_tag","embeddable":true,"href":"https:\/\/lamendigapolitica.com\/index.php?rest_route=%2Fwp%2Fv2%2Ftags&post=67140"}],"curies":[{"name":"wp","href":"https:\/\/api.w.org\/{rel}","templated":true}]}}