{"id":67063,"date":"2020-11-05T20:56:37","date_gmt":"2020-11-06T02:56:37","guid":{"rendered":"http:\/\/lamendigapolitica.com\/?p=67063"},"modified":"2020-11-05T20:56:37","modified_gmt":"2020-11-06T02:56:37","slug":"celebrara-fil-la-literatura-y-la-ciencia-en-su-edicion-especial-virtual-2020","status":"publish","type":"post","link":"https:\/\/lamendigapolitica.com\/?p=67063","title":{"rendered":"Celebrar\u00e1 FIL la literatura y la ciencia en su edici\u00f3n especial-virtual 2020"},"content":{"rendered":"<p><a href=\"https:\/\/lamendigapolitica.com\/blog\/wp-content\/uploads\/2020\/11\/22.jpg\"><img loading=\"lazy\" decoding=\"async\" class=\"aligncenter size-full wp-image-67064\" src=\"https:\/\/lamendigapolitica.com\/blog\/wp-content\/uploads\/2020\/11\/22.jpg\" alt=\"\" width=\"990\" height=\"555\" \/><\/a><\/p>\n<p>M\u00e1s de 300 actividades en l\u00ednea y la presencia de 300 escritores y especialistas integran su programa de actividades, anunciado en rueda de prensa virtual<\/p>\n<p>El Rector General de la UdeG, doctor Ricardo Villanueva Lomel\u00ed, record\u00f3 que la FIL fue distinguida con el Premio Princesa de Asturias de Comunicaci\u00f3n y Humanidades 2020, junto con el Hay Festival of Literature &amp; Arts, que fue entregado en octubre pasado en Espa\u00f1a; y se congratul\u00f3 al leer una carta en la que las c\u00e1maras de Diputados y Senadores se muestran en favor de que la feria mantenga su actividad pese a la emergencia sanitaria.<\/p>\n<p><!--more--><\/p>\n<p>Dijo que la FIL ha sido fundamental para que la UNESCO nombrara a Guadalajara como Capital Mundial del Libro 2022, distinci\u00f3n que se dio a conocer este mi\u00e9rcoles.<\/p>\n<p>\u201cEn un a\u00f1o de muchos reconocimientos, de la consolidaci\u00f3n de m\u00e1s de tres d\u00e9cadas de trabajo, no nos podemos encontrar de manera presencial, pero esta edici\u00f3n en l\u00ednea traer\u00e1 muchas sorpresas para todos, pues el equipo de la feria ha trabajado y preparado un programa tan rico y diverso como lo ha hecho en a\u00f1os anteriores\u201d, declar\u00f3.<\/p>\n<p>El Presidente del Patronato de la FIL, licenciado Ra\u00fal Padilla L\u00f3pez, mencion\u00f3 que, debido a la pandemia del COVID-19, el equipo de la feria prepar\u00f3 una edici\u00f3n especial que intentar\u00e1 mantener la calidad del programa que cada a\u00f1o tiene lugar en Expo Guadalajara, y que buscar\u00e1 \u201ccelebrar la literatura, la ciencia y la cultura\u201d.<\/p>\n<p>Detall\u00f3 que en total habr\u00e1 300 actividades correspondientes a los diez programas que componen la feria, con la asistencia de m\u00e1s de 300 autores, de 38 pa\u00edses, durante los nueve d\u00edas de la FIL.<\/p>\n<p>La feria contar\u00e1 este a\u00f1o con la presentaci\u00f3n de libros de Xavier Velasco, Guadalupe Nettel, Guillermo Arriaga, Cristina Rivera-Garza, Jorge G. Casta\u00f1eda, Sara Sefchovich, Alejandro Zambra, Mart\u00edn Caparr\u00f3s, entre otros m\u00e1s.<\/p>\n<p>Escritores como Salman Rushdie, quien por tercera ocasi\u00f3n visita esta feria; la Premio FIL de Literatura en Lenguas Romances, L\u00eddia Jorge; adem\u00e1s de Fernando Savater, Rosa Montero, Arturo P\u00e9rez-Reverte, Sergio Ram\u00edrez y Almudena Grandes, son algunos escritores que encabezan el programa de actividades de la edici\u00f3n 34 de la Feria Internacional del Libro de Guadalajara (FIL), que tendr\u00e1 lugar del 28 de noviembre al 6 de diciembre en la web oficial de la feria www.fil.com.mx, as\u00ed como en las redes sociales de la Universidad de Guadalajara (UdeG), de la misma FIL, Canal 44 y Canal 22, entre otros medios p\u00fablicos.<\/p>\n<p>En el programa \u201cLa FIL tambi\u00e9n es Ciencia\u201d participar\u00e1n los premios Nobel de Qu\u00edmica, Aaron Ciechanover y Venkatraman Ramakrishnan; la escritora espa\u00f1ola Rosa Montero y el mexicano Antonio Lazcano. La astr\u00f3noma Julieta Fierro ofrecer\u00e1 un consultorio astron\u00f3mico para responder dudas de estudiantes, dentro del programa \u201cMil j\u00f3venes con\u2026\u201d.<\/p>\n<p>El creador de Mafalda, Quino, ser\u00e1 recordado en el Sal\u00f3n del C\u00f3mic y la Novela Gr\u00e1fica, y en el Encuentro Internacional de Caricatura e Historieta, con charlas entre dibujantes de Latinoam\u00e9rica y de quienes estuvieron cerca de su obra.<\/p>\n<p>FIL Ni\u00f1os tendr\u00e1 una edici\u00f3n especial \u201cEn casa\u201d, que incluir\u00e1 nueve talleres creativos y de fomento a la lectura dirigidos a ni\u00f1os del \u00c1rea Metropolitana de Guadalajara (AMG) y otros cuatro para menores de todo el pa\u00eds, c\u00e1psulas audiovisuales para fomentar la resiliencia en casa y una muestra de 28 cortometrajes.<\/p>\n<p>El programa art\u00edstico incluir\u00e1 el estreno mundial de la \u00f3pera \u201cMadame Butterfly\u201d, producida por el Conjunto Santander de Artes Esc\u00e9nicas (CSAE) con talento local, adem\u00e1s de la obra teatral Novecento, un homenaje al grupo tapat\u00edo Azul Violenta, y un concierto de la Orquesta de C\u00e1mara Higinio Ruvalcaba, entre otros.<\/p>\n<p>Padilla L\u00f3pez record\u00f3 que el espacio virtual se concentrar\u00e1 en la p\u00e1gina web oficial www.fil.com.mx, donde habr\u00e1 salas digitales y recursos de apoyo como cat\u00e1logo y el mercado de libros. Muchas actividades ser\u00e1n transmitidas por la plataforma Youtube y las redes sociales de la feria, de la UdeG, de Canal 44, Radio UdeG y algunas televisoras p\u00fablicas como el Canal 22.<\/p>\n<p>La Directora General de la FIL, Marisol Schulz Manaut, se\u00f1al\u00f3 que este a\u00f1o contar\u00e1n con actividades dirigidas a los 120 mil profesionales del libro, de 48 pa\u00edses, que visitan la feria edici\u00f3n tras edici\u00f3n, mediante la plataforma \u201cMercado de libros\u201d, donde mil 045 editoriales y librer\u00edas de 24 pa\u00edses ofrecer\u00e1n al p\u00fablico m\u00e1s de nueve millones de t\u00edtulos durante los d\u00edas de la feria.<\/p>\n<p>Adem\u00e1s, estar\u00e1 disponible la plataforma \u201cFIL Negocios\u201d para generar intercambios comerciales entre los participantes de la industria del libro, ah\u00ed mismo habr\u00e1 actividades denominadas \u201cDi\u00e1logo de la industria\u201d, en las que diversos actores de la cadena del libro discutir\u00e1n sobre temas importantes para el mundo editorial en medio de la pandemia, y se propiciar\u00e1n m\u00e1s de mil 200 reuniones virtuales entre profesionales.<\/p>\n<p>La Coordinadora Ejecutiva del programa acad\u00e9mico FIL Pensamiento, maestra Karla Planter P\u00e9rez, inform\u00f3 que habr\u00e1 m\u00e1s de 120 participantes, de los cuales 28 son extranjeros que se reunir\u00e1n en 21 actividades, en 33 mesas, con 34 horas de trasmisi\u00f3n, donde abordar\u00e1n temas relacionados con la pandemia del COVID-19, la econom\u00eda y la nueva normalidad, el racismo, la resistencia, la igualdad de g\u00e9nero, entre otros rubros.<\/p>\n","protected":false},"excerpt":{"rendered":"<p>M\u00e1s de 300 actividades en l\u00ednea y la presencia de 300 escritores y especialistas integran su programa de actividades, anunciado en rueda de prensa virtual El Rector General de la UdeG, doctor Ricardo Villanueva Lomel\u00ed, record\u00f3 que la FIL fue distinguida con el Premio Princesa de Asturias de Comunicaci\u00f3n y Humanidades 2020, junto con el &hellip; <\/p>\n<p><a class=\"more-link btn\" href=\"https:\/\/lamendigapolitica.com\/?p=67063\">Seguir leyendo<\/a><\/p>\n","protected":false},"author":1,"featured_media":0,"comment_status":"open","ping_status":"closed","sticky":false,"template":"","format":"standard","meta":{"footnotes":""},"categories":[26,28,36,20,31,41],"tags":[],"class_list":["post-67063","post","type-post","status-publish","format-standard","hentry","category-cultura","category-educacion","category-espectaculos","category-gobierno","category-internacional","category-tecnologia","item-wrap"],"_links":{"self":[{"href":"https:\/\/lamendigapolitica.com\/index.php?rest_route=\/wp\/v2\/posts\/67063","targetHints":{"allow":["GET"]}}],"collection":[{"href":"https:\/\/lamendigapolitica.com\/index.php?rest_route=\/wp\/v2\/posts"}],"about":[{"href":"https:\/\/lamendigapolitica.com\/index.php?rest_route=\/wp\/v2\/types\/post"}],"author":[{"embeddable":true,"href":"https:\/\/lamendigapolitica.com\/index.php?rest_route=\/wp\/v2\/users\/1"}],"replies":[{"embeddable":true,"href":"https:\/\/lamendigapolitica.com\/index.php?rest_route=%2Fwp%2Fv2%2Fcomments&post=67063"}],"version-history":[{"count":1,"href":"https:\/\/lamendigapolitica.com\/index.php?rest_route=\/wp\/v2\/posts\/67063\/revisions"}],"predecessor-version":[{"id":67065,"href":"https:\/\/lamendigapolitica.com\/index.php?rest_route=\/wp\/v2\/posts\/67063\/revisions\/67065"}],"wp:attachment":[{"href":"https:\/\/lamendigapolitica.com\/index.php?rest_route=%2Fwp%2Fv2%2Fmedia&parent=67063"}],"wp:term":[{"taxonomy":"category","embeddable":true,"href":"https:\/\/lamendigapolitica.com\/index.php?rest_route=%2Fwp%2Fv2%2Fcategories&post=67063"},{"taxonomy":"post_tag","embeddable":true,"href":"https:\/\/lamendigapolitica.com\/index.php?rest_route=%2Fwp%2Fv2%2Ftags&post=67063"}],"curies":[{"name":"wp","href":"https:\/\/api.w.org\/{rel}","templated":true}]}}