{"id":67030,"date":"2020-11-02T12:19:17","date_gmt":"2020-11-02T18:19:17","guid":{"rendered":"http:\/\/lamendigapolitica.com\/?p=67030"},"modified":"2020-11-03T20:28:26","modified_gmt":"2020-11-04T02:28:26","slug":"peru-rechaza-registro-de-matrimonio-gay-contraido-en-mexico","status":"publish","type":"post","link":"https:\/\/lamendigapolitica.com\/?p=67030","title":{"rendered":"Per\u00fa rechaza registro de \u201cmatrimonio\u201d gay contra\u00eddo en M\u00e9xico"},"content":{"rendered":"<p><a href=\"https:\/\/lamendigapolitica.com\/blog\/wp-content\/uploads\/2020\/11\/unnamed.jpg\"><img loading=\"lazy\" decoding=\"async\" class=\"aligncenter size-full wp-image-67031\" src=\"https:\/\/lamendigapolitica.com\/blog\/wp-content\/uploads\/2020\/11\/unnamed.jpg\" alt=\"\" width=\"512\" height=\"341\" srcset=\"https:\/\/lamendigapolitica.com\/wp-content\/uploads\/2020\/11\/unnamed.jpg 512w, https:\/\/lamendigapolitica.com\/wp-content\/uploads\/2020\/11\/unnamed-300x200.jpg 300w\" sizes=\"auto, (max-width: 512px) 100vw, 512px\" \/><\/a><\/p>\n<p>ACI.-El Tribunal Constitucional (TC) del Per\u00fa rechaz\u00f3 una demanda de amparo que ped\u00eda el reconocimiento civil del \u201cmatrimonio\u201d entre dos personas del mismo sexo contra\u00eddo en M\u00e9xico, pa\u00eds donde esta figura jur\u00eddica es legal en varios estados.<\/p>\n<p>El resultado se obtuvo tras una votaci\u00f3n de cuatro magistrados contra tres.<\/p>\n<p><!--more--><\/p>\n<p>\u201cEl TC rechaz\u00f3 por mayor\u00eda la demanda de amparo interpuesta por \u00d3scar Ugarteche contra el RENIEC [Registro Nacional de Identificaci\u00f3n y Estado Civil], quien solicitaba el registro de su matrimonio civil con un ciudadano mexicano\u201d, escribi\u00f3 el TC a trav\u00e9s de sus redes sociales.<\/p>\n<p>Augusto Ferrero, uno de los magistrados del TC, dijo a Diario Exitosa que el fallo en contra de la demanda interpuesta por \u00d3scar Ugarteche y su pareja Fidel Aroche se debe a que la Constituci\u00f3n y el C\u00f3digo Civil no contemplan el matrimonio gay.<\/p>\n<p>\u201cLa Constituci\u00f3n y el C\u00f3digo Civil establecen que un matrimonio es una uni\u00f3n de personas de dos sexos distintos. Eso no quiere decir que uno est\u00e9 en contra de los homosexuales\u201d, dijo el magistrado al medio de comunicaci\u00f3n.<\/p>\n<p>La demanda de amparo se present\u00f3 ante el TC en mayo de 2018 y un mes despu\u00e9s se realiz\u00f3 la audiencia p\u00fablica. En 2017, el RENIEC se neg\u00f3 a aceptar un fallo del juez a cargo del 7\u00ba juzgado constitucional de Lima, que le orden\u00f3 reconocer el \u201cmatrimonio\u201d homosexual entre Ugarteche y Aroche.<\/p>\n<p>Ernesto \u00c1lvarez, ex presidente del Tribunal Constitucional de Per\u00fa y decano de la Facultad de Derecho de la Universidad San Mart\u00edn de Porres, critic\u00f3 el fallo en aquel entonces. Dijo que la decisi\u00f3n judicial \u201cm\u00e1s que error es una audacia propia de un juez liberal que quiere ir m\u00e1s all\u00e1 de la ley, estableciendo su propia visi\u00f3n de la Constituci\u00f3n\u201d.<\/p>\n<p>\u00c1lvarez se\u00f1al\u00f3 que \u201cel matrimonio como tal, en el Per\u00fa, se sujeta a la Constituci\u00f3n, protecci\u00f3n de la familia y protecci\u00f3n al matrimonio, y al C\u00f3digo Civil, que desarrolla la Constituci\u00f3n, que establece que el matrimonio es la uni\u00f3n entre hombre y mujer\u201d.<\/p>\n<p>Desde 2013 diversos colectivos han intentado legalizar el matrimonio homosexual en Per\u00fa. Ese a\u00f1o se present\u00f3 un proyecto de ley de uni\u00f3n civil homosexual, que diversos expertos denunciaron como un matrimonio encubierto.<\/p>\n<p>La propuesta legislativa fue rechazada por el Congreso de Per\u00fa en marzo de 2015.<\/p>\n<p>Los congresistas oficialistas Carlos Bruce y Alberto de Bela\u00fande presentaron un proyecto similar en noviembre de 2016.<\/p>\n<p>La Constituci\u00f3n peruana, en su art\u00edculo 4, se\u00f1ala que la comunidad y el Estado \u00abprotegen a la familia y promueven el matrimonio\u00bb, y el C\u00f3digo Civil, en su art\u00edculo 234, explica que \u00abel matrimonio es la uni\u00f3n voluntariamente concertada por un var\u00f3n y una mujer legalmente aptos para ella\u00bb.<\/p>\n","protected":false},"excerpt":{"rendered":"<p>ACI.-El Tribunal Constitucional (TC) del Per\u00fa rechaz\u00f3 una demanda de amparo que ped\u00eda el reconocimiento civil del \u201cmatrimonio\u201d entre dos personas del mismo sexo contra\u00eddo en M\u00e9xico, pa\u00eds donde esta figura jur\u00eddica es legal en varios estados. El resultado se obtuvo tras una votaci\u00f3n de cuatro magistrados contra tres.<\/p><p><a class=\"more-link btn\" href=\"https:\/\/lamendigapolitica.com\/?p=67030\">Seguir leyendo<\/a><\/p>\n","protected":false},"author":1,"featured_media":0,"comment_status":"open","ping_status":"closed","sticky":false,"template":"","format":"standard","meta":{"footnotes":""},"categories":[26,36,20,21,22],"tags":[],"class_list":["post-67030","post","type-post","status-publish","format-standard","hentry","category-cultura","category-espectaculos","category-gobierno","category-religion","category-sociales","item-wrap"],"_links":{"self":[{"href":"https:\/\/lamendigapolitica.com\/index.php?rest_route=\/wp\/v2\/posts\/67030","targetHints":{"allow":["GET"]}}],"collection":[{"href":"https:\/\/lamendigapolitica.com\/index.php?rest_route=\/wp\/v2\/posts"}],"about":[{"href":"https:\/\/lamendigapolitica.com\/index.php?rest_route=\/wp\/v2\/types\/post"}],"author":[{"embeddable":true,"href":"https:\/\/lamendigapolitica.com\/index.php?rest_route=\/wp\/v2\/users\/1"}],"replies":[{"embeddable":true,"href":"https:\/\/lamendigapolitica.com\/index.php?rest_route=%2Fwp%2Fv2%2Fcomments&post=67030"}],"version-history":[{"count":1,"href":"https:\/\/lamendigapolitica.com\/index.php?rest_route=\/wp\/v2\/posts\/67030\/revisions"}],"predecessor-version":[{"id":67032,"href":"https:\/\/lamendigapolitica.com\/index.php?rest_route=\/wp\/v2\/posts\/67030\/revisions\/67032"}],"wp:attachment":[{"href":"https:\/\/lamendigapolitica.com\/index.php?rest_route=%2Fwp%2Fv2%2Fmedia&parent=67030"}],"wp:term":[{"taxonomy":"category","embeddable":true,"href":"https:\/\/lamendigapolitica.com\/index.php?rest_route=%2Fwp%2Fv2%2Fcategories&post=67030"},{"taxonomy":"post_tag","embeddable":true,"href":"https:\/\/lamendigapolitica.com\/index.php?rest_route=%2Fwp%2Fv2%2Ftags&post=67030"}],"curies":[{"name":"wp","href":"https:\/\/api.w.org\/{rel}","templated":true}]}}