{"id":66397,"date":"2020-11-01T22:11:00","date_gmt":"2020-11-02T04:11:00","guid":{"rendered":"http:\/\/lamendigapolitica.com\/?p=66397"},"modified":"2020-11-01T22:11:00","modified_gmt":"2020-11-02T04:11:00","slug":"navidad-2020-asi-seran-el-pesebre-y-el-arbol-que-adornaran-la-plaza-de-san-pedro","status":"publish","type":"post","link":"https:\/\/lamendigapolitica.com\/?p=66397","title":{"rendered":"Navidad 2020: As\u00ed ser\u00e1n el pesebre y el \u00e1rbol que adornar\u00e1n la Plaza de San Pedro"},"content":{"rendered":"<p><a href=\"https:\/\/lamendigapolitica.com\/blog\/wp-content\/uploads\/2020\/11\/562860.jpeg\"><img loading=\"lazy\" decoding=\"async\" class=\"aligncenter size-full wp-image-66398\" src=\"https:\/\/lamendigapolitica.com\/blog\/wp-content\/uploads\/2020\/11\/562860.jpeg\" alt=\"\" width=\"720\" height=\"468\" \/><\/a><\/p>\n<p>ACI.-Este a\u00f1o el tradicional pesebre de la Plaza de San Pedro en el Vaticano ser\u00e1 de cer\u00e1mica y procede de la regi\u00f3n italiana de los Abruzos.<\/p>\n<p>El \u00e1rbol de Navidad en cambio ser\u00e1 un abeto de 28 metros de altura que procede de la regi\u00f3n de Koc\u030cevje en Eslovenia.<\/p>\n<p><!--more--><\/p>\n<p>Seg\u00fan inform\u00f3 la Gobernaci\u00f3n del Estado de la Ciudad del Vaticano, el tradicional espacio dedicado a la Navidad en la Plaza de San Pedro \u201cpretende ser\u00a0<strong>un signo de esperanza y confianza para todo el mundo<\/strong>\u201d y quiere \u201cexpresar la certeza de que Jes\u00fas viene entre su pueblo para salvarlos y consolarlos. Un mensaje importante en este tiempo dif\u00edcil debido a la emergencia sanitaria por el COVID-19\u201d.<\/p>\n<p>Las decoraciones navide\u00f1as ser\u00e1n visibles en la Plaza de San Pedro a partir del 11 de diciembre hasta el 10 de enero de 2021, d\u00eda en que concluye el tiempo de Navidad con la fiesta del Bautismo del Se\u00f1or.<\/p>\n<p>El pesebre, tambi\u00e9n conocido como bel\u00e9n o nacimiento, estar\u00e1 compuesto por estatuas de cer\u00e1mica de tama\u00f1o mayor al natural que ser\u00e1n colocadas sobre una plataforma luminosa de casi 125 metros cuadrados que rodear\u00e1 el obelisco central de la Plaza de San Pedro.<\/p>\n<p>En el pesebre de los Abruzos hay fuertes referencias a la historia del arte antiguo, desde el arte griego al arte sumerio, pasando por la escultura egipcia. Adem\u00e1s, en los objetos que enriquecen el bel\u00e9n se encuentra el recuerdo del arte cer\u00e1mico local.<\/p>\n<p>Adem\u00e1s, este pesebre fue expuesto p\u00fablicamente, entre otros lugares, en el mercado de Trajano de Roma en 1970 y a\u00f1os despu\u00e9s en Jerusal\u00e9n, Bel\u00e9n y Tel Aviv.<\/p>\n<p>En a\u00f1os anteriores, el Papa Francisco ha visitado el pesebre el 31 de diciembre al finalizar el rezo del\u00a0<em>Te Deum<\/em>\u00a0que suele realizarse dentro de la Bas\u00edlica de San Pedro.<\/p>\n","protected":false},"excerpt":{"rendered":"<p>ACI.-Este a\u00f1o el tradicional pesebre de la Plaza de San Pedro en el Vaticano ser\u00e1 de cer\u00e1mica y procede de la regi\u00f3n italiana de los Abruzos. El \u00e1rbol de Navidad en cambio ser\u00e1 un abeto de 28 metros de altura que procede de la regi\u00f3n de Koc\u030cevje en Eslovenia.<\/p><p><a class=\"more-link btn\" href=\"https:\/\/lamendigapolitica.com\/?p=66397\">Seguir leyendo<\/a><\/p>\n","protected":false},"author":1,"featured_media":0,"comment_status":"open","ping_status":"closed","sticky":false,"template":"","format":"standard","meta":{"footnotes":""},"categories":[26,36,21,24],"tags":[],"class_list":["post-66397","post","type-post","status-publish","format-standard","hentry","category-cultura","category-espectaculos","category-religion","category-turismo","item-wrap"],"_links":{"self":[{"href":"https:\/\/lamendigapolitica.com\/index.php?rest_route=\/wp\/v2\/posts\/66397","targetHints":{"allow":["GET"]}}],"collection":[{"href":"https:\/\/lamendigapolitica.com\/index.php?rest_route=\/wp\/v2\/posts"}],"about":[{"href":"https:\/\/lamendigapolitica.com\/index.php?rest_route=\/wp\/v2\/types\/post"}],"author":[{"embeddable":true,"href":"https:\/\/lamendigapolitica.com\/index.php?rest_route=\/wp\/v2\/users\/1"}],"replies":[{"embeddable":true,"href":"https:\/\/lamendigapolitica.com\/index.php?rest_route=%2Fwp%2Fv2%2Fcomments&post=66397"}],"version-history":[{"count":1,"href":"https:\/\/lamendigapolitica.com\/index.php?rest_route=\/wp\/v2\/posts\/66397\/revisions"}],"predecessor-version":[{"id":66399,"href":"https:\/\/lamendigapolitica.com\/index.php?rest_route=\/wp\/v2\/posts\/66397\/revisions\/66399"}],"wp:attachment":[{"href":"https:\/\/lamendigapolitica.com\/index.php?rest_route=%2Fwp%2Fv2%2Fmedia&parent=66397"}],"wp:term":[{"taxonomy":"category","embeddable":true,"href":"https:\/\/lamendigapolitica.com\/index.php?rest_route=%2Fwp%2Fv2%2Fcategories&post=66397"},{"taxonomy":"post_tag","embeddable":true,"href":"https:\/\/lamendigapolitica.com\/index.php?rest_route=%2Fwp%2Fv2%2Ftags&post=66397"}],"curies":[{"name":"wp","href":"https:\/\/api.w.org\/{rel}","templated":true}]}}