{"id":66387,"date":"2020-11-01T20:44:23","date_gmt":"2020-11-02T02:44:23","guid":{"rendered":"http:\/\/lamendigapolitica.com\/?p=66387"},"modified":"2020-11-14T00:28:30","modified_gmt":"2020-11-14T06:28:30","slug":"sean-connery-cuenta-padecia-demencia-y-murio-en-paz","status":"publish","type":"post","link":"https:\/\/lamendigapolitica.com\/?p=66387","title":{"rendered":"Sean Connery padec\u00eda demencia y muri\u00f3 en paz"},"content":{"rendered":"<p><a href=\"https:\/\/lamendigapolitica.com\/blog\/wp-content\/uploads\/2020\/11\/4.jpg\"><img loading=\"lazy\" decoding=\"async\" class=\"aligncenter size-full wp-image-66388\" src=\"https:\/\/lamendigapolitica.com\/blog\/wp-content\/uploads\/2020\/11\/4.jpg\" alt=\"\" width=\"974\" height=\"554\" \/><\/a><\/p>\n<p>RT.-El actor escoc\u00e9s Sean Connery, que falleci\u00f3 este viernes a los 90 a\u00f1os, luch\u00f3 contra la demencia en los \u00faltimos a\u00f1os de su vida, seg\u00fan ha explicado Micheline Roquebrune, su esposa durante 45 a\u00f1os, informa Daily Mail.<\/p>\n<p>\u00abTen\u00eda demencia y la enfermedad tuvo sus efectos negativos sobre \u00e9l\u00bb, coment\u00f3 la mujer del actor. \u00abYa no era vida para \u00e9l. No era capaz de expresarse \u00faltimamente\u00bb, lament\u00f3.<\/p>\n<p>\u00abEra un modelo de hombre. Va a ser muy dif\u00edcil estar sin \u00e9l, lo s\u00e9\u00bb, reconoci\u00f3 Roquebruner, que explic\u00f3 que el actor se fue mientras dorm\u00eda. \u00abSe fue en paz. Al menos muri\u00f3 mientras dorm\u00eda, fue muy tranquilo. Yo estaba con \u00e9l todo el tiempo y \u00e9l, simplemente, escap\u00f3. Era lo que \u00e9l quer\u00eda\u00bb, coment\u00f3.<\/p>\n","protected":false},"excerpt":{"rendered":"<p>RT.-El actor escoc\u00e9s Sean Connery, que falleci\u00f3 este viernes a los 90 a\u00f1os, luch\u00f3 contra la demencia en los \u00faltimos a\u00f1os de su vida, seg\u00fan ha explicado Micheline Roquebrune, su esposa durante 45 a\u00f1os, informa Daily Mail. \u00abTen\u00eda demencia y la enfermedad tuvo sus efectos negativos sobre \u00e9l\u00bb, coment\u00f3 la mujer del actor. \u00abYa no &hellip; <\/p>\n<p><a class=\"more-link btn\" href=\"https:\/\/lamendigapolitica.com\/?p=66387\">Seguir leyendo<\/a><\/p>\n","protected":false},"author":1,"featured_media":0,"comment_status":"open","ping_status":"closed","sticky":false,"template":"","format":"standard","meta":{"footnotes":""},"categories":[26,36,31],"tags":[],"class_list":["post-66387","post","type-post","status-publish","format-standard","hentry","category-cultura","category-espectaculos","category-internacional","item-wrap"],"_links":{"self":[{"href":"https:\/\/lamendigapolitica.com\/index.php?rest_route=\/wp\/v2\/posts\/66387","targetHints":{"allow":["GET"]}}],"collection":[{"href":"https:\/\/lamendigapolitica.com\/index.php?rest_route=\/wp\/v2\/posts"}],"about":[{"href":"https:\/\/lamendigapolitica.com\/index.php?rest_route=\/wp\/v2\/types\/post"}],"author":[{"embeddable":true,"href":"https:\/\/lamendigapolitica.com\/index.php?rest_route=\/wp\/v2\/users\/1"}],"replies":[{"embeddable":true,"href":"https:\/\/lamendigapolitica.com\/index.php?rest_route=%2Fwp%2Fv2%2Fcomments&post=66387"}],"version-history":[{"count":3,"href":"https:\/\/lamendigapolitica.com\/index.php?rest_route=\/wp\/v2\/posts\/66387\/revisions"}],"predecessor-version":[{"id":67237,"href":"https:\/\/lamendigapolitica.com\/index.php?rest_route=\/wp\/v2\/posts\/66387\/revisions\/67237"}],"wp:attachment":[{"href":"https:\/\/lamendigapolitica.com\/index.php?rest_route=%2Fwp%2Fv2%2Fmedia&parent=66387"}],"wp:term":[{"taxonomy":"category","embeddable":true,"href":"https:\/\/lamendigapolitica.com\/index.php?rest_route=%2Fwp%2Fv2%2Fcategories&post=66387"},{"taxonomy":"post_tag","embeddable":true,"href":"https:\/\/lamendigapolitica.com\/index.php?rest_route=%2Fwp%2Fv2%2Ftags&post=66387"}],"curies":[{"name":"wp","href":"https:\/\/api.w.org\/{rel}","templated":true}]}}