{"id":66193,"date":"2020-10-31T22:56:57","date_gmt":"2020-11-01T04:56:57","guid":{"rendered":"http:\/\/lamendigapolitica.com\/?p=66193"},"modified":"2020-10-31T22:56:57","modified_gmt":"2020-11-01T04:56:57","slug":"descubren-un-palacio-maya-en-yucatan","status":"publish","type":"post","link":"https:\/\/lamendigapolitica.com\/?p=66193","title":{"rendered":"Descubren un Palacio maya en Yucat\u00e1n"},"content":{"rendered":"<p><a href=\"https:\/\/lamendigapolitica.com\/blog\/wp-content\/uploads\/2020\/10\/foto6.jpg\"><img loading=\"lazy\" decoding=\"async\" class=\"aligncenter size-full wp-image-66195\" src=\"https:\/\/lamendigapolitica.com\/blog\/wp-content\/uploads\/2020\/10\/foto6.jpg\" alt=\"\" width=\"800\" height=\"533\" srcset=\"https:\/\/lamendigapolitica.com\/wp-content\/uploads\/2020\/10\/foto6.jpg 800w, https:\/\/lamendigapolitica.com\/wp-content\/uploads\/2020\/10\/foto6-300x200.jpg 300w, https:\/\/lamendigapolitica.com\/wp-content\/uploads\/2020\/10\/foto6-768x512.jpg 768w\" sizes=\"auto, (max-width: 800px) 100vw, 800px\" \/><\/a><\/p>\n<p>&nbsp;<\/p>\n<p>El palacio maya, de 55 metros de largo, es investigado junto con cuatro edificaciones del Grupo C de la ciudad prehisp\u00e1nica maya, la cual recobra su esplendor gracias a expertos del INAH.<\/p>\n<p>Ubicada 35 kil\u00f3metros al sureste de este municipio yucateco, Kulub\u00e1 es una zona arqueol\u00f3gica que avanza sostenidamente en su estudio y en la recuperaci\u00f3n de su antiguo esplendor.<\/p>\n<p><!--more--><\/p>\n<p>Personal del Instituto Nacional de Antropolog\u00eda e Historia (INAH) explora y consolida el llamado Grupo C del asentamiento, a la par que emprende acciones de conservaci\u00f3n en sus acabados arquitect\u00f3nicos. Todo esto forma parte de un proyecto interdisciplinar entre especialistas en arqueolog\u00eda y restauraci\u00f3n.<\/p>\n<p>Estos trabajos, que se realizan gracias al apoyo financiero del Gobierno del Estado de Yucat\u00e1n, han permitido confirmar la existencia de un palacio maya al oriente de la plaza principal del Grupo C, mediante la liberaci\u00f3n y el reconocimiento del basamento, las escalinatas y una cruj\u00eda con pilastras, en la parte superior, que habr\u00eda sido usada por la \u00e9lite del lugar.<\/p>\n<p>Este palacio maya, menciona el arque\u00f3logo Alfredo Barrera Rubio, tiene una voluminosa construcci\u00f3n de aproximadamente 55 metros de largo por 15 de ancho y 6 de altura.<\/p>\n<p>Asimismo, estos vestigios materiales apuntan a dos fases de ocupaci\u00f3n:<\/p>\n<p>Una en el periodo Cl\u00e1sico Tard\u00edo (600\u2013900 d. C.)<br \/>\nLa segunda es en el Cl\u00e1sico Terminal (850\u20131050 d. C.).<br \/>\n\u201cFue en el Cl\u00e1sico Terminal cuando Chich\u00e9n Itz\u00e1, al volverse una metr\u00f3poli destacada en el nororiente del actual Yucat\u00e1n, extendi\u00f3 su influencia sobre sitios como Kulub\u00e1, el cual, por los datos que tenemos y materiales de cer\u00e1mica tipo Chich\u00e9n y obsidiana de las mismas fuentes que prove\u00edan a esta urbe maya, podemos inferir que se convirti\u00f3 en un enclave Itz\u00e1\u201d.<\/p>\n<p>Para el investigador del Centro INAH Yucat\u00e1n, una cualidad de esta cuarta temporada de campo en Kulub\u00e1, la cual inici\u00f3 en noviembre y llegar\u00e1 hasta marzo de 2020, es que las acciones arqueol\u00f3gicas est\u00e1n acompa\u00f1adas por expertos en restauraci\u00f3n.<\/p>\n<p>As\u00ed, por ejemplo, un entierro secundario \u2013es decir, que se deposit\u00f3 all\u00ed tras haber sido extra\u00eddo de su sitio original\u2013 en el cual yac\u00edan diversos individuos y que se ubic\u00f3 durante la liberaci\u00f3n del palacio maya, se excav\u00f3 y recibi\u00f3 un tratamiento de conservaci\u00f3n inicial por parte de los restauradores, a fin de que pudiera ser resguardado en condiciones id\u00f3neas para su estudio y preservaci\u00f3n.<\/p>\n<p>Futuros ex\u00e1menes de antropolog\u00eda f\u00edsica permitir\u00e1n determinar el sexo, la edad, las patolog\u00edas e incluso los h\u00e1bitos de aquellos individuos mayas del pasado.<\/p>\n<p>Junto con este palacio maya \u2013ubicado en uno de los tres conjuntos arquitect\u00f3nicos que se estima contemplar\u00e1, a mediano plazo, la visita p\u00fablica de Kulub\u00e1\u2013, los expertos exploran y consolidan otras cuatro estructuras en la citada plaza del Grupo C.<\/p>\n<p>Estos son:<br \/>\nUn altar<br \/>\nDos vestigios de espacios de uso habitacional<br \/>\nUna construcci\u00f3n redonda que, se cree, era un horno.<br \/>\nBarrera Rubio explica que una parte adicional del recurso destinado al sitio, derivado del convenio suscrito entre el INAH y el Gobierno del Estado de Yucat\u00e1n, se dedica al mapeo y levantamiento topogr\u00e1fico de 234 hect\u00e1reas, as\u00ed como al an\u00e1lisis del patr\u00f3n de asentamiento de la urbe prehisp\u00e1nica que se encuentra en su totalidad bajo resguardo del Instituto.<\/p>\n<p>Un frente de trabajo adicional consiste en la rehabilitaci\u00f3n del casco del antiguo Rancho Kulub\u00e1, ya que esta construcci\u00f3n, ubicada dentro del \u00e1rea patrimonial protegida, es a su vez un vestigio hist\u00f3rico de la primera mitad del siglo XX: con techumbre de palma de guano, mamposter\u00eda tradicional y hamaqueros de madera.<\/p>\n<p>Vinculado con este rescate de la herencia patrimonial edificada, detalla el arque\u00f3logo, est\u00e1 el \u00e9nfasis que tiene el proyecto en priorizar la colaboraci\u00f3n de ayudantes provenientes de comisar\u00edas cercanas a Kulub\u00e1, como San Luis Tzuc Tuc, San Pedro y Tixcancal, as\u00ed como alba\u00f1iles con amplia experiencia en consolidaci\u00f3n arqueol\u00f3gica, originarios del municipio de Oxkutzcab.<\/p>\n<p>\u201cQue Kulub\u00e1 sea totalmente propiedad federal es muy importante al momento de planear que su paulatina habilitaci\u00f3n tenga efectos sustentables y positivos para las comunidades circundantes\u201d, declara el investigador al encomiar la labor de los 55 jornaleros, 20 de ellos mujeres, que apoyan el rescate de la urbe prehisp\u00e1nica, conociendo con ello m\u00e1s acerca del patrimonio arqueol\u00f3gico de su lugar de origen.<\/p>\n<p>Restaurar en la selva media<br \/>\nA lo largo del siglo XX, Tizim\u00edn cedi\u00f3 la mayor parte de su terreno selv\u00e1tico al uso agr\u00edcola y ganadero, a tal grado que Kulub\u00e1 es uno de los \u00faltimos reductos de selva media en el municipio.<\/p>\n<p>Ahora mismo, los especialistas en conservaci\u00f3n atienden dos edificios destacados en Kulub\u00e1.<br \/>\nEl primero es un palacio maya tambi\u00e9n perteneciente al Grupo C. El cual tiene las siguientes caracter\u00edsticas:<\/p>\n<p>En el a\u00f1o 2000, el arque\u00f3logo Barrera localiz\u00f3 un piso estucado que, a su vez, ten\u00eda esgrafiado un \u2018patolli\u2019.<br \/>\nUn juego de mesa prehisp\u00e1nico ampliamente difundido en Mesoam\u00e9rica.<br \/>\nEl segundo es llamado el Templo de las \u2018U\u2019, se trata de un edificio con una planta en forma de T. Sus caracter\u00edstica m\u00e1s notorias son las siguientes:<\/p>\n<p>Sus fachadas tienen decoraciones de piedras labradas.<br \/>\nAsimismo, est\u00e1n recubiertas de una capa de estuco que asemejan letras \u2018u\u2019.<br \/>\n\u201cEn su \u00e9poca, los acabados de este templo habr\u00edan dado la impresi\u00f3n de ser escamas de serpiente; esto se sabe porque los relieves de piedra que el inmueble tiene en sus accesos, asemejan las fauces de un \u2018monstruo de la tierra&#8217;\u201d, detalla Fernanda Escalante.<\/p>\n<p>Un rasgo m\u00e1s de este templo es que cada uno de sus relieves con forma de \u2018u\u2019, presenta sobre el estuco una policrom\u00eda roja, o bien, conserva restos de ese color en sus intersticios m\u00e1s profundos.<\/p>\n<p>Para atender estos elementos, los restauradores se concentran en la estabilizaci\u00f3n de los estucos, as\u00ed como en la limpieza \u2013con soluciones y procesos compatibles con las t\u00e9cnicas originales que exponen las estructuras\u2013 de rastros de humedad, microorganismos y plantas que con el tiempo se han acumulado sobre la fachada estucada y policromada.<\/p>\n<p>Todas estas acciones exploratorias y de conservaci\u00f3n, son el inicio de los trabajos que el INAH realiza para recuperar, investigar y difundir entre el p\u00fablico la herencia cultural y natural de Kulub\u00e1.<\/p>\n","protected":false},"excerpt":{"rendered":"<p>&nbsp; El palacio maya, de 55 metros de largo, es investigado junto con cuatro edificaciones del Grupo C de la ciudad prehisp\u00e1nica maya, la cual recobra su esplendor gracias a expertos del INAH. Ubicada 35 kil\u00f3metros al sureste de este municipio yucateco, Kulub\u00e1 es una zona arqueol\u00f3gica que avanza sostenidamente en su estudio y en &hellip; <\/p>\n<p><a class=\"more-link btn\" href=\"https:\/\/lamendigapolitica.com\/?p=66193\">Seguir leyendo<\/a><\/p>\n","protected":false},"author":1,"featured_media":0,"comment_status":"open","ping_status":"closed","sticky":false,"template":"","format":"standard","meta":{"footnotes":""},"categories":[26,36,5,22,41,24],"tags":[],"class_list":["post-66193","post","type-post","status-publish","format-standard","hentry","category-cultura","category-espectaculos","category-partidos","category-sociales","category-tecnologia","category-turismo","item-wrap"],"_links":{"self":[{"href":"https:\/\/lamendigapolitica.com\/index.php?rest_route=\/wp\/v2\/posts\/66193","targetHints":{"allow":["GET"]}}],"collection":[{"href":"https:\/\/lamendigapolitica.com\/index.php?rest_route=\/wp\/v2\/posts"}],"about":[{"href":"https:\/\/lamendigapolitica.com\/index.php?rest_route=\/wp\/v2\/types\/post"}],"author":[{"embeddable":true,"href":"https:\/\/lamendigapolitica.com\/index.php?rest_route=\/wp\/v2\/users\/1"}],"replies":[{"embeddable":true,"href":"https:\/\/lamendigapolitica.com\/index.php?rest_route=%2Fwp%2Fv2%2Fcomments&post=66193"}],"version-history":[{"count":2,"href":"https:\/\/lamendigapolitica.com\/index.php?rest_route=\/wp\/v2\/posts\/66193\/revisions"}],"predecessor-version":[{"id":66196,"href":"https:\/\/lamendigapolitica.com\/index.php?rest_route=\/wp\/v2\/posts\/66193\/revisions\/66196"}],"wp:attachment":[{"href":"https:\/\/lamendigapolitica.com\/index.php?rest_route=%2Fwp%2Fv2%2Fmedia&parent=66193"}],"wp:term":[{"taxonomy":"category","embeddable":true,"href":"https:\/\/lamendigapolitica.com\/index.php?rest_route=%2Fwp%2Fv2%2Fcategories&post=66193"},{"taxonomy":"post_tag","embeddable":true,"href":"https:\/\/lamendigapolitica.com\/index.php?rest_route=%2Fwp%2Fv2%2Ftags&post=66193"}],"curies":[{"name":"wp","href":"https:\/\/api.w.org\/{rel}","templated":true}]}}