{"id":66188,"date":"2020-10-30T22:49:27","date_gmt":"2020-10-31T04:49:27","guid":{"rendered":"http:\/\/lamendigapolitica.com\/?p=66188"},"modified":"2020-10-30T22:49:27","modified_gmt":"2020-10-31T04:49:27","slug":"descubren-reliquias-mayas-en-chichen-itza","status":"publish","type":"post","link":"https:\/\/lamendigapolitica.com\/?p=66188","title":{"rendered":"Descubren reliquias mayas en Chich\u00e9n Itz\u00e1"},"content":{"rendered":"<p><a href=\"https:\/\/lamendigapolitica.com\/blog\/wp-content\/uploads\/2020\/10\/foto21.jpg\"><img loading=\"lazy\" decoding=\"async\" class=\"aligncenter size-full wp-image-66189\" src=\"https:\/\/lamendigapolitica.com\/blog\/wp-content\/uploads\/2020\/10\/foto21.jpg\" alt=\"\" width=\"773\" height=\"540\" srcset=\"https:\/\/lamendigapolitica.com\/wp-content\/uploads\/2020\/10\/foto21.jpg 773w, https:\/\/lamendigapolitica.com\/wp-content\/uploads\/2020\/10\/foto21-300x210.jpg 300w, https:\/\/lamendigapolitica.com\/wp-content\/uploads\/2020\/10\/foto21-768x537.jpg 768w\" sizes=\"auto, (max-width: 773px) 100vw, 773px\" \/><\/a><\/p>\n<p>Arque\u00f3logos ubicaron nuevas estructuras y descubrieron objetos nunca antes vistos en la zona, como una mesa de piedra con representaciones de cautivos en sus cantos.<\/p>\n<p>Estos son algunos de los hallazgos registrados en la Zona Arqueol\u00f3gica de Chich\u00e9n Itz\u00e1, como resultado de la colaboraci\u00f3n entre el Instituto Nacional de Antropolog\u00eda e Historia (INAH) y el Gobierno del Estado de Yucat\u00e1n:<\/p>\n<p><!--more--><\/p>\n<p>La localizaci\u00f3n de cinco grupos arquitect\u00f3nicos. Uno de ellos de uso ritual<\/p>\n<p>El descubrimiento de una mesa de piedra, con representaciones de cautivos en sus cantos<\/p>\n<p>Un disco de pirita<\/p>\n<p>Los dos \u00faltimos elementos datan, respectivamente, de entre los a\u00f1os 900 y 1000 d.C. y 850 y 1200 d.C.<\/p>\n<p>En el espacio que media entre los conjuntos conocidos como de las Monjas y Serie Inicial, a trav\u00e9s del proyecto dirigido por los arque\u00f3logos Jos\u00e9 Osorio Le\u00f3n y Francisco P\u00e9rez Ruiz, del Centro INAH Yucat\u00e1n, se ubicaron los cinco grupos arquitect\u00f3nicos mencionados, como parte de un estudio del patr\u00f3n de asentamiento de la urbe prehisp\u00e1nica maya.<\/p>\n<p>Cada uno de ellos aloja, a su vez, decenas de estructuras en las que investigadores emprenden mapeos y registros gr\u00e1ficos y planim\u00e9tricos, entre otros procedimientos, los cuales combinan la tecnolog\u00eda LiDAR (acr\u00f3nimo de Light Detection and Ranging, es decir, detecci\u00f3n y medici\u00f3n a trav\u00e9s de la luz que penetra la vegetaci\u00f3n) con el trabajo de exploraci\u00f3n en tierra.<\/p>\n<p>\u201cCuatro conjuntos parecen ser habitacionales, mientras que uno, dado que posee una pir\u00e1mide peque\u00f1a, de alrededor de cinco metros de alto, un cuarto doble en su parte superior y una escalera asociada, nos indica que pudo haber tenido un uso ritual\u201d, inform\u00f3 el arque\u00f3logo Francisco P\u00e9rez.<\/p>\n<p>Ya que, a\u00fan est\u00e1 por definirse si este grupo ceremonial estuvo asociado a Serie Inicial o funcion\u00f3 de manera independiente.<br \/>\nPara los especialistas, conocer conjuntos habitacionales como estos, vinculados a una rejollada que habr\u00eda sido usada con fines de cultivo, significa saber m\u00e1s de la poblaci\u00f3n com\u00fan que habit\u00f3 las ahora zonas arqueol\u00f3gicas, y de la cual se sabe muy poco.<\/p>\n<p>\u201cCuando el Instituto Carnegie hizo el primer levantamiento de Chich\u00e9n Itz\u00e1, en los a\u00f1os 30, cubri\u00f3 los conjuntos m\u00e1s grandes y no detall\u00f3 en los peque\u00f1os grupos intermedios\u201d, refiri\u00f3 al comentar que, hoy d\u00eda, el objetivo es justamente llenar esos espacios del mapa en los que yace \u201cla antigua mancha urbana de Chich\u00e9n Itz\u00e1\u201d.<\/p>\n<p>El arque\u00f3logo Jos\u00e9 Osorio a\u00f1adi\u00f3 que una ventaja del proyecto es que, al realizarse en \u00e1reas no accesibles a la visita tur\u00edstica de la zona, permite a los expertos tener un control total de la exploraci\u00f3n de los edificios: facilitando su excavaci\u00f3n cuidadosa y el mejor entendimiento de sus derrumbes.<\/p>\n<p>\u201cAs\u00ed podemos recuperar los elementos iconogr\u00e1ficos de las fachadas y rearmarlos como si se tratara de grandes rompecabezas\u201d, ejemplifica.<br \/>\nDe este modo, adem\u00e1s del estudio del patr\u00f3n de asentamiento, el proyecto tambi\u00e9n se aboca a la exploraci\u00f3n y consolidaci\u00f3n de tres estructuras del conjunto de Serie Inicial:<\/p>\n<p>La Galer\u00eda-Patio de la Luna<br \/>\nUn altar ubicado al centro de la Plaza Sur del conjunto<br \/>\nEl interior y la fachada este de la llamada Casa de los Caracoles, que forma parte del Palacio de los Falos. Esta es una importante residencia de elite de la antigua Chich\u00e9n Itz\u00e1.<br \/>\nEstos frentes, que se retoman a m\u00e1s de 10 a\u00f1os de sus primeros an\u00e1lisis, emprendidos por el doctor Peter J. Schmidt (1940 \u2013 2018), incluyen labores de conservaci\u00f3n especializada, a cargo de la restauradora del INAH Natalia Hern\u00e1ndez Tangarife, los cuales, a su vez, aportan ya notables hallazgos.<\/p>\n<p>Ejemplo de ello es la citada mesa de piedra, que se ubic\u00f3 reutilizada como banqueta dentro de la Casa de los Caracoles.<br \/>\nMide 1.66 metros de largo por 1.27 de ancho, y se integra por cuatro cuadrados sim\u00e9tricos que, una vez unidos, revelan una escena en sus respectivos cantos exteriores, en la que aparecen 34 personajes tallados.<\/p>\n<p>\u201cHasta ahora es la \u00fanica mesa de piedra, con estas caracter\u00edsticas y a\u00fan con restos de policrom\u00eda, que hallamos en Chich\u00e9n Itz\u00e1\u201d, destac\u00f3 Osorio al narrar que, de la treintena de individuos, 18 representan cautivos que aparecen atados de manos con una soga, en tanto que los 16 restantes son sus captores, ataviados como guerreros.<\/p>\n<p>La pieza \u2014cuya antig\u00fcedad aproximada est\u00e1 entre los a\u00f1os 900 y 1000 d. C.\u2014 debi\u00f3 pertenecer a alguna construcci\u00f3n previa.<\/p>\n<p>Sin embargo, no se ha localizado dentro del conjunto de Serie Inicial. Cabe anotar que los investigadores han observado la existencia de lo que parecer ser una \u2018banqueta\u2019 adosada a un muro de la Casa de los Caracoles, pero que podr\u00eda tratarse de otra mesa similar, la cual es explorada por los arque\u00f3logos, en tanto consolidan la Casa de los Caracoles, mediante la numeraci\u00f3n, el dibujado y clasificaci\u00f3n de cada una de las piedras que los milenios han derribado de ella.<\/p>\n<p>Otro hallazgo registrado es el de la Galer\u00eda-Patio de la Luna \u2014colindante con el Palacio de los Falos y la Casa de los Caracoles\u2014, donde se han encontrado vestigios de otro caso poco visto en Chich\u00e9n Itz\u00e1: un amplio sal\u00f3n de columnas con una techumbre plana que estuvo sostenida por vigas de madera y ten\u00eda aplanados interiores estucados.<\/p>\n<p>Fragmentos de cer\u00e1mica asociados apuntan que datar\u00eda del a\u00f1o 900 d.C., aproximadamente.<\/p>\n<p>&nbsp;<\/p>\n","protected":false},"excerpt":{"rendered":"<p>Arque\u00f3logos ubicaron nuevas estructuras y descubrieron objetos nunca antes vistos en la zona, como una mesa de piedra con representaciones de cautivos en sus cantos. Estos son algunos de los hallazgos registrados en la Zona Arqueol\u00f3gica de Chich\u00e9n Itz\u00e1, como resultado de la colaboraci\u00f3n entre el Instituto Nacional de Antropolog\u00eda e Historia (INAH) y el &hellip; <\/p>\n<p><a class=\"more-link btn\" href=\"https:\/\/lamendigapolitica.com\/?p=66188\">Seguir leyendo<\/a><\/p>\n","protected":false},"author":1,"featured_media":0,"comment_status":"open","ping_status":"closed","sticky":false,"template":"","format":"standard","meta":{"footnotes":""},"categories":[42,26,36,20,22,24],"tags":[],"class_list":["post-66188","post","type-post","status-publish","format-standard","hentry","category-clima","category-cultura","category-espectaculos","category-gobierno","category-sociales","category-turismo","item-wrap"],"_links":{"self":[{"href":"https:\/\/lamendigapolitica.com\/index.php?rest_route=\/wp\/v2\/posts\/66188","targetHints":{"allow":["GET"]}}],"collection":[{"href":"https:\/\/lamendigapolitica.com\/index.php?rest_route=\/wp\/v2\/posts"}],"about":[{"href":"https:\/\/lamendigapolitica.com\/index.php?rest_route=\/wp\/v2\/types\/post"}],"author":[{"embeddable":true,"href":"https:\/\/lamendigapolitica.com\/index.php?rest_route=\/wp\/v2\/users\/1"}],"replies":[{"embeddable":true,"href":"https:\/\/lamendigapolitica.com\/index.php?rest_route=%2Fwp%2Fv2%2Fcomments&post=66188"}],"version-history":[{"count":1,"href":"https:\/\/lamendigapolitica.com\/index.php?rest_route=\/wp\/v2\/posts\/66188\/revisions"}],"predecessor-version":[{"id":66190,"href":"https:\/\/lamendigapolitica.com\/index.php?rest_route=\/wp\/v2\/posts\/66188\/revisions\/66190"}],"wp:attachment":[{"href":"https:\/\/lamendigapolitica.com\/index.php?rest_route=%2Fwp%2Fv2%2Fmedia&parent=66188"}],"wp:term":[{"taxonomy":"category","embeddable":true,"href":"https:\/\/lamendigapolitica.com\/index.php?rest_route=%2Fwp%2Fv2%2Fcategories&post=66188"},{"taxonomy":"post_tag","embeddable":true,"href":"https:\/\/lamendigapolitica.com\/index.php?rest_route=%2Fwp%2Fv2%2Ftags&post=66188"}],"curies":[{"name":"wp","href":"https:\/\/api.w.org\/{rel}","templated":true}]}}