{"id":66179,"date":"2020-10-30T18:28:25","date_gmt":"2020-10-31T00:28:25","guid":{"rendered":"http:\/\/lamendigapolitica.com\/?p=66179"},"modified":"2020-10-30T18:28:25","modified_gmt":"2020-10-31T00:28:25","slug":"presenta-ficg-su-programa-de-actividades-digital-y-presencial-para-su-edicion-35-2","status":"publish","type":"post","link":"https:\/\/lamendigapolitica.com\/?p=66179","title":{"rendered":"Presenta FICG su programa de actividades digital y presencial para su edici\u00f3n 35.2"},"content":{"rendered":"<p><a href=\"https:\/\/lamendigapolitica.com\/blog\/wp-content\/uploads\/2020\/10\/3-11.jpg\"><img loading=\"lazy\" decoding=\"async\" class=\"aligncenter size-full wp-image-66180\" src=\"https:\/\/lamendigapolitica.com\/blog\/wp-content\/uploads\/2020\/10\/3-11.jpg\" alt=\"\" width=\"956\" height=\"545\" \/><\/a><\/p>\n<p class=\"x_MsoNoSpacing\">Del 20 al 27 de noviembre se contar\u00e1 con una plataforma digital y la participaci\u00f3n de FilminLatino. En las proyecciones presenciales el aforo no rebasar\u00e1 30 por ciento<\/p>\n<p class=\"x_MsoNoSpacing\">El Festival Internacional de Cine en Guadalajara (FICG) anunci\u00f3 el programa general de sus actividades, a realizarse del 20 al 27 de noviembre de 2020, con Per\u00fa como pa\u00eds invitado de honor y que ha sido denominado 35.2, pues se contar\u00e1 con una novedosa plataforma digital.<\/p>\n<p><!--more--><\/p>\n<p class=\"x_MsoNoSpacing\">El Presidente del Patronato del FICG, licenciado Ra\u00fal Padilla L\u00f3pez, declar\u00f3 que la pandemia ha obligado a repensar escenarios y a replantear la vulnerabilidad de nuestras actividades cotidianas al buscar estrategias con mayor responsabilidad.<\/p>\n<p class=\"x_MsoNoSpacing\">\u201cPero hubo algo que no cambi\u00f3, y es nuestro amor por el cine e inter\u00e9s para generar espacios para su proyecci\u00f3n y el encuentro de quienes compartimos esta pasi\u00f3n, propiciando condiciones posibles para disfrutar el s\u00e9ptimo arte en su real espacio, la pantalla grande. Este 2020 celebramos 35 a\u00f1os del FICG, y lo hacemos pensando en el futuro que vislumbramos, con una visi\u00f3n de expansi\u00f3n y aprovechando las estrategias digitales que hemos dise\u00f1ado especialmente para ustedes\u201d, puntualiz\u00f3 Padilla L\u00f3pez.<\/p>\n<p class=\"x_MsoNoSpacing\">Dijo que se contar\u00e1 con todas las medidas necesarias para garantizar la seguridad de los visitantes, y un reto es llegar a la mayor cantidad de p\u00fablico posible con una plataforma digital para vivir el festival en un corredor cultural en tercera dimensi\u00f3n, con conferencias, proyecciones y la suma de FilminLatino con todo su potencial.<\/p>\n<p class=\"x_MsoNoSpacing\">\u201cNos alegra mucho contar con la presencia de Per\u00fa como invitado de honor este a\u00f1o. Tendremos una retrospectiva de su rica tradici\u00f3n cinematogr\u00e1fica y una muestra de la vitalidad de su industria contempor\u00e1nea, lo que fortalecer\u00e1 los lazos de cooperaci\u00f3n entre realizadores de ambos pa\u00edses\u201d, apunt\u00f3.<\/p>\n<p class=\"x_MsoNoSpacing\">Entre las medidas preventivas sanitarias detall\u00f3 que el aforo de las proyecciones no rebasar\u00e1 30 por ciento de la capacidad y la ceremonia de inauguraci\u00f3n tendr\u00e1 s\u00f3lo 5 por ciento del aforo en el Auditorio Telmex. Se contar\u00e1 con filtros sanitarios, con medici\u00f3n de temperatura, gel antibacterial y uso obligatorio de cubrebocas. Adem\u00e1s, se aprovechar\u00e1n espacios al aire libre como la pantalla gigante en la Plaza Bicentenario del Centro Cultural Universitario (CCU).<\/p>\n<p class=\"x_MsoNoSpacing\">A\u00f1adi\u00f3 que el director peruano Francisco Lombardi, el compositor Tim Davis y la cineasta Patricia Virgen ser\u00e1n algunas de las personalidades presentes que ofrecer\u00e1n conferencias magistrales. Adem\u00e1s, se agregar\u00e1 a la competencia mexicana los filmes\u00a0<i>Kokoloco<\/i>, de Gerardo Naranjo,\u00a0<i>Selva tr\u00e1gica<\/i>\u00a0de Yulene Olaizola y\u00a0<i>Tengo miedo torero<\/i>, de Rodrigo Sep\u00falveda.<\/p>\n<p class=\"x_MsoNoSpacing\">\u201cEste 2020 nos dej\u00f3 p\u00e9rdidas irreparables, a quienes el FICG les rinde un merecido tributo con homenajes p\u00f3stumos: al primer actor H\u00e9ctor Su\u00e1rez, al cineasta Jaime Humberto Hermosillo y a nuestro amigo Gerardo Salcedo, quien durante ocho a\u00f1os se desempe\u00f1\u00f3 como Director de programaci\u00f3n de nuestro festival\u201d, agreg\u00f3 Padilla L\u00f3pez.<\/p>\n<p class=\"x_MsoNoSpacing\">El Embajador de Per\u00fa en M\u00e9xico, Julio Garro G\u00e1lvez, explic\u00f3 que de su pa\u00eds participar\u00e1n pel\u00edculas en las principales secciones: en Largometraje de Ficci\u00f3n,\u00a0<i>La bronca<\/i>, de Daniel y Diego Vega; en Largometraje Iberoamericano Documental,\u00a0<i>El canto de mariposas<\/i>, de Nuria Frigola y en Cortometraje Iberoamericano,\u00a0<i>El silencio del r\u00edo<\/i>, de Francesca Canepa. Adicionalmente, una decena de pel\u00edculas recientes, estrenadas entre 2018 y 2020, integrar\u00e1n una muestra de cine contempor\u00e1neo peruano.<\/p>\n<p class=\"x_MsoNoSpacing\">\u201cTodas estas pel\u00edculas dan cuenta del dinamismo actual de la cinematograf\u00eda en Per\u00fa. Entre las pel\u00edculas que se incluyen hay tanto ficciones como documentales, algunas en lenguas ind\u00edgenas\u201d, inform\u00f3.<\/p>\n<p class=\"x_MsoNoSpacing\">La Directora General del FICG, Estrella Araiza Brise\u00f1o, explic\u00f3 que se desplegar\u00e1 un Mercado Iberoamericano de Cine con la participaci\u00f3n de empresas que contar\u00e1n con stands virtuales por la plataforma udg3d.com. Se estrenar\u00e1 el programa \u201cEpisodio cero\u201d, en el que se elegir\u00e1n siete series en desarrollo, con el fin de que sean apoyados por compa\u00f1\u00edas, con el fin de ponerlas en pantalla.<\/p>\n<p class=\"x_MsoNoSpacing\">Se desarrollar\u00e1 el XVI Encuentro de Coproducci\u00f3n con 20 largometrajes en desarrollo, tanto de ficci\u00f3n y documental, para incentivar la participaci\u00f3n. Adem\u00e1s, se proyectar\u00e1 la versi\u00f3n restaurada del cl\u00e1sico\u00a0<i>In the mood for love<\/i>, de Wong Kar-Wai.<\/p>\n<p class=\"x_MsoNoSpacing\">Araiza Brise\u00f1o a\u00f1adi\u00f3 que el bot\u00f3n de emergencia que se activ\u00f3 en Jalisco este 30 de octubre y que concluir\u00e1 el 13 de noviembre, asegurar\u00e1 menos contagios para cuando llegue la fecha de las proyecciones, algunas de las cuales se realizar\u00e1n en espacios al aire libre y a trav\u00e9s de la plataforma.<\/p>\n<p class=\"x_MsoNoSpacing\">En la Cineteca Guillermo del Toro y el Teatro Diana, los accesos ser\u00e1n gratuitos, pero la inscripci\u00f3n ser\u00e1 online.<\/p>\n<p class=\"x_MsoNoSpacing\">El Director Ejecutivo de la Fundaci\u00f3n Universidad de Guadalajara, maestro Omar Avil\u00e9s Gonz\u00e1lez, a\u00f1adi\u00f3 que los recursos que se obtengan en taquilla por la proyecci\u00f3n de las pel\u00edculas ser\u00e1n destinados a asociaciones civiles.<\/p>\n<p class=\"x_MsoNoSpacing\">\u201cAnualmente participan distintas asociaciones y este a\u00f1o contamos con ocho: Cruz Roja Mexicana, Hospital Civil de Guadalajara, Albergue Infantil Los Pinos, Patronato Leones Negros AC, Organismo de Nutrici\u00f3n Infantil (ONI), Oportunidad de Vida AC, Liga C\u00f3rdica 21 y Fundaci\u00f3n Universidad de Guadalajara\u201d, detall\u00f3.<\/p>\n","protected":false},"excerpt":{"rendered":"<p>Del 20 al 27 de noviembre se contar\u00e1 con una plataforma digital y la participaci\u00f3n de FilminLatino. En las proyecciones presenciales el aforo no rebasar\u00e1 30 por ciento El Festival Internacional de Cine en Guadalajara (FICG) anunci\u00f3 el programa general de sus actividades, a realizarse del 20 al 27 de noviembre de 2020, con Per\u00fa &hellip; <\/p>\n<p><a class=\"more-link btn\" href=\"https:\/\/lamendigapolitica.com\/?p=66179\">Seguir leyendo<\/a><\/p>\n","protected":false},"author":1,"featured_media":0,"comment_status":"open","ping_status":"closed","sticky":false,"template":"","format":"standard","meta":{"footnotes":""},"categories":[97,26,28,36,20,31,41],"tags":[],"class_list":["post-66179","post","type-post","status-publish","format-standard","hentry","category-comunicacion","category-cultura","category-educacion","category-espectaculos","category-gobierno","category-internacional","category-tecnologia","item-wrap"],"_links":{"self":[{"href":"https:\/\/lamendigapolitica.com\/index.php?rest_route=\/wp\/v2\/posts\/66179","targetHints":{"allow":["GET"]}}],"collection":[{"href":"https:\/\/lamendigapolitica.com\/index.php?rest_route=\/wp\/v2\/posts"}],"about":[{"href":"https:\/\/lamendigapolitica.com\/index.php?rest_route=\/wp\/v2\/types\/post"}],"author":[{"embeddable":true,"href":"https:\/\/lamendigapolitica.com\/index.php?rest_route=\/wp\/v2\/users\/1"}],"replies":[{"embeddable":true,"href":"https:\/\/lamendigapolitica.com\/index.php?rest_route=%2Fwp%2Fv2%2Fcomments&post=66179"}],"version-history":[{"count":1,"href":"https:\/\/lamendigapolitica.com\/index.php?rest_route=\/wp\/v2\/posts\/66179\/revisions"}],"predecessor-version":[{"id":66181,"href":"https:\/\/lamendigapolitica.com\/index.php?rest_route=\/wp\/v2\/posts\/66179\/revisions\/66181"}],"wp:attachment":[{"href":"https:\/\/lamendigapolitica.com\/index.php?rest_route=%2Fwp%2Fv2%2Fmedia&parent=66179"}],"wp:term":[{"taxonomy":"category","embeddable":true,"href":"https:\/\/lamendigapolitica.com\/index.php?rest_route=%2Fwp%2Fv2%2Fcategories&post=66179"},{"taxonomy":"post_tag","embeddable":true,"href":"https:\/\/lamendigapolitica.com\/index.php?rest_route=%2Fwp%2Fv2%2Ftags&post=66179"}],"curies":[{"name":"wp","href":"https:\/\/api.w.org\/{rel}","templated":true}]}}