{"id":66052,"date":"2020-10-21T16:50:16","date_gmt":"2020-10-21T21:50:16","guid":{"rendered":"http:\/\/lamendigapolitica.com\/?p=66052"},"modified":"2020-10-23T00:56:34","modified_gmt":"2020-10-23T05:56:34","slug":"inauguran-mural-gigante-de-san-juan-pablo-ii-por-su-centenario","status":"publish","type":"post","link":"https:\/\/lamendigapolitica.com\/?p=66052","title":{"rendered":"Inauguran mural gigante de San Juan Pablo II por su centenario"},"content":{"rendered":"<p><a href=\"https:\/\/lamendigapolitica.com\/blog\/wp-content\/uploads\/2020\/10\/4-7.jpg\"><img loading=\"lazy\" decoding=\"async\" class=\"aligncenter size-full wp-image-66053\" src=\"https:\/\/lamendigapolitica.com\/blog\/wp-content\/uploads\/2020\/10\/4-7.jpg\" alt=\"\" width=\"510\" height=\"514\" \/><\/a><\/p>\n<p>ACI.- Hace unos d\u00edas, la ciudad polaca de Stalowa Wola inaugur\u00f3 un mural gigante con el retrato de n Juan Pablo II, en honor al a\u00f1o en que se celebra el centenario de su nacimiento.<\/p>\n<p>En medio de eventos realizados en Roma y Polonia para celebrar la fiesta del santo, las autoridades de la ciudad de Stalowa Wola, en el sureste de Polonia, encargaron realizar un retrato gigante de San Juan Pablo II, que tiene un poco m\u00e1s de 9 metros de ancho y 9 metros de alto, con el fin de conmemorar los cien a\u00f1os de su nacimiento.<\/p>\n<p><!--more--><\/p>\n<p>La imagen muestra al santo polaco y pont\u00edfice que dirigi\u00f3 la Iglesia Cat\u00f3lica entre 1978 y 2005 apoyado en su b\u00e1culo mientras reza. En la base del retrato se encuentran las palabras que San Juan Pablo II dijo sobre la ciudad: \u201cAbrazo con el coraz\u00f3n a Stalowa Wola, una ciudad que simboliza la gran fe de los trabajadores\u201d.<\/p>\n<p>El mural fue colocado en uno de los lados de un edificio ubicado en la avenida Juan Pablo II de la ciudad polaca. El 18 de octubre, Mons. Edward Frankowski, un obispo auxiliar retirado de la Di\u00f3cesis de Sandomierz, realiz\u00f3 la bendici\u00f3n oficial del mural.<\/p>\n<p>La ciudad realiz\u00f3 un concurso para dise\u00f1ar el mural, del cual quedaron siete candidatos. El jurado eligi\u00f3 como ganador al artista Piotr Topczylko.<\/p>\n<p>El 16 de octubre, fecha en que se celebr\u00f3 el 42\u00b0 aniversario de la elecci\u00f3n de Juan Pablo II como pont\u00edfice, el alcalde de Stalowa Wola, Lucjusz Nadberezny, comparti\u00f3 un video en su cuenta de twitter que muestra c\u00f3mo se cre\u00f3 el mural.<\/p>\n<p>&nbsp;<\/p>\n","protected":false},"excerpt":{"rendered":"<p>ACI.- Hace unos d\u00edas, la ciudad polaca de Stalowa Wola inaugur\u00f3 un mural gigante con el retrato de n Juan Pablo II, en honor al a\u00f1o en que se celebra el centenario de su nacimiento. En medio de eventos realizados en Roma y Polonia para celebrar la fiesta del santo, las autoridades de la ciudad &hellip; <\/p>\n<p><a class=\"more-link btn\" href=\"https:\/\/lamendigapolitica.com\/?p=66052\">Seguir leyendo<\/a><\/p>\n","protected":false},"author":1,"featured_media":0,"comment_status":"open","ping_status":"closed","sticky":false,"template":"","format":"standard","meta":{"footnotes":""},"categories":[26,36,21,22,41],"tags":[],"class_list":["post-66052","post","type-post","status-publish","format-standard","hentry","category-cultura","category-espectaculos","category-religion","category-sociales","category-tecnologia","item-wrap"],"_links":{"self":[{"href":"https:\/\/lamendigapolitica.com\/index.php?rest_route=\/wp\/v2\/posts\/66052","targetHints":{"allow":["GET"]}}],"collection":[{"href":"https:\/\/lamendigapolitica.com\/index.php?rest_route=\/wp\/v2\/posts"}],"about":[{"href":"https:\/\/lamendigapolitica.com\/index.php?rest_route=\/wp\/v2\/types\/post"}],"author":[{"embeddable":true,"href":"https:\/\/lamendigapolitica.com\/index.php?rest_route=\/wp\/v2\/users\/1"}],"replies":[{"embeddable":true,"href":"https:\/\/lamendigapolitica.com\/index.php?rest_route=%2Fwp%2Fv2%2Fcomments&post=66052"}],"version-history":[{"count":1,"href":"https:\/\/lamendigapolitica.com\/index.php?rest_route=\/wp\/v2\/posts\/66052\/revisions"}],"predecessor-version":[{"id":66054,"href":"https:\/\/lamendigapolitica.com\/index.php?rest_route=\/wp\/v2\/posts\/66052\/revisions\/66054"}],"wp:attachment":[{"href":"https:\/\/lamendigapolitica.com\/index.php?rest_route=%2Fwp%2Fv2%2Fmedia&parent=66052"}],"wp:term":[{"taxonomy":"category","embeddable":true,"href":"https:\/\/lamendigapolitica.com\/index.php?rest_route=%2Fwp%2Fv2%2Fcategories&post=66052"},{"taxonomy":"post_tag","embeddable":true,"href":"https:\/\/lamendigapolitica.com\/index.php?rest_route=%2Fwp%2Fv2%2Ftags&post=66052"}],"curies":[{"name":"wp","href":"https:\/\/api.w.org\/{rel}","templated":true}]}}