{"id":65976,"date":"2020-10-16T21:17:39","date_gmt":"2020-10-17T02:17:39","guid":{"rendered":"http:\/\/lamendigapolitica.com\/?p=65976"},"modified":"2020-10-16T21:17:39","modified_gmt":"2020-10-17T02:17:39","slug":"guadalajara-coloca-flores-de-cempasuchil-en-la-glorieta-minerva-con-motivo-de-la-conmemoracion-del-dia-de-muertos","status":"publish","type":"post","link":"https:\/\/lamendigapolitica.com\/?p=65976","title":{"rendered":"Guadalajara coloca flores de cempas\u00fachil en la Glorieta Minerva con motivo de la conmemoraci\u00f3n del D\u00eda de Muertos."},"content":{"rendered":"<p><a href=\"https:\/\/lamendigapolitica.com\/blog\/wp-content\/uploads\/2020\/10\/4-4.jpg\"><img loading=\"lazy\" decoding=\"async\" class=\"aligncenter size-full wp-image-65977\" src=\"https:\/\/lamendigapolitica.com\/blog\/wp-content\/uploads\/2020\/10\/4-4.jpg\" alt=\"\" width=\"783\" height=\"526\" \/><\/a><\/p>\n<p>De cara a la conmemoraci\u00f3n del D\u00eda de Muertos y como parte las acciones orientadas a reforzar las tradiciones mexicanas, el Gobierno de Guadalajara, encabezado por el Presidente municipal, Ismael Del Toro Castro, coloc\u00f3 m\u00e1s de tres mil ejemplares de flor de cempas\u00fachil en la Glorieta Minerva.<\/p>\n<p>Cabe recordar que esta es una flor nativa de M\u00e9xico tiene un importante valor cultural; su nombre en n\u00e1huatl es cempoalx\u00f3chitl y significa flor de 20 p\u00e9talos, y se ha convertido en un elemento tradicional de los altares de muerto.<\/p>\n","protected":false},"excerpt":{"rendered":"<p>De cara a la conmemoraci\u00f3n del D\u00eda de Muertos y como parte las acciones orientadas a reforzar las tradiciones mexicanas, el Gobierno de Guadalajara, encabezado por el Presidente municipal, Ismael Del Toro Castro, coloc\u00f3 m\u00e1s de tres mil ejemplares de flor de cempas\u00fachil en la Glorieta Minerva. Cabe recordar que esta es una flor nativa &hellip; <\/p>\n<p><a class=\"more-link btn\" href=\"https:\/\/lamendigapolitica.com\/?p=65976\">Seguir leyendo<\/a><\/p>\n","protected":false},"author":1,"featured_media":0,"comment_status":"open","ping_status":"closed","sticky":false,"template":"","format":"standard","meta":{"footnotes":""},"categories":[26,43,36,22,24],"tags":[],"class_list":["post-65976","post","type-post","status-publish","format-standard","hentry","category-cultura","category-ecologia","category-espectaculos","category-sociales","category-turismo","item-wrap"],"_links":{"self":[{"href":"https:\/\/lamendigapolitica.com\/index.php?rest_route=\/wp\/v2\/posts\/65976","targetHints":{"allow":["GET"]}}],"collection":[{"href":"https:\/\/lamendigapolitica.com\/index.php?rest_route=\/wp\/v2\/posts"}],"about":[{"href":"https:\/\/lamendigapolitica.com\/index.php?rest_route=\/wp\/v2\/types\/post"}],"author":[{"embeddable":true,"href":"https:\/\/lamendigapolitica.com\/index.php?rest_route=\/wp\/v2\/users\/1"}],"replies":[{"embeddable":true,"href":"https:\/\/lamendigapolitica.com\/index.php?rest_route=%2Fwp%2Fv2%2Fcomments&post=65976"}],"version-history":[{"count":1,"href":"https:\/\/lamendigapolitica.com\/index.php?rest_route=\/wp\/v2\/posts\/65976\/revisions"}],"predecessor-version":[{"id":65978,"href":"https:\/\/lamendigapolitica.com\/index.php?rest_route=\/wp\/v2\/posts\/65976\/revisions\/65978"}],"wp:attachment":[{"href":"https:\/\/lamendigapolitica.com\/index.php?rest_route=%2Fwp%2Fv2%2Fmedia&parent=65976"}],"wp:term":[{"taxonomy":"category","embeddable":true,"href":"https:\/\/lamendigapolitica.com\/index.php?rest_route=%2Fwp%2Fv2%2Fcategories&post=65976"},{"taxonomy":"post_tag","embeddable":true,"href":"https:\/\/lamendigapolitica.com\/index.php?rest_route=%2Fwp%2Fv2%2Ftags&post=65976"}],"curies":[{"name":"wp","href":"https:\/\/api.w.org\/{rel}","templated":true}]}}