{"id":65936,"date":"2020-10-14T22:38:09","date_gmt":"2020-10-15T03:38:09","guid":{"rendered":"http:\/\/lamendigapolitica.com\/?p=65936"},"modified":"2020-10-14T22:38:09","modified_gmt":"2020-10-15T03:38:09","slug":"traza-jalisco-da-luz-y-color-a-tlaquepaque","status":"publish","type":"post","link":"https:\/\/lamendigapolitica.com\/?p=65936","title":{"rendered":"Traza Jalisco da luz y color a Tlaquepaque"},"content":{"rendered":"<p><a href=\"https:\/\/lamendigapolitica.com\/blog\/wp-content\/uploads\/2020\/10\/3-4.jpg\">\u00a0\u00a0\u00a0<img loading=\"lazy\" decoding=\"async\" class=\"aligncenter wp-image-65937 size-full\" src=\"https:\/\/lamendigapolitica.com\/blog\/wp-content\/uploads\/2020\/10\/3-4.jpg\" alt=\"\" width=\"968\" height=\"584\" \/><\/a>La L\u00ednea 3 del Tren Ligero en el municipio de Tlaquepaque, es intervenida por los artistas de Traza Jalisco, quienes ponen luz y color desde hace varios d\u00edas a 22 pilares de este programa de impulso al arte urbano, de la Secretar\u00eda de Cultura de Jalisco (SC) con la colaboraci\u00f3n de Por un M\u00e9xico bien hecho de Comex.<\/p>\n<p><!--more--><\/p>\n<p>Los artistas a quienes corresponde plasmar sus creaciones en Tlaquepaque son locales y tambi\u00e9n de otros estados como Michoac\u00e1n, Quintana Roo, Quer\u00e9taro, Chiapas, San Luis Potos\u00ed y de la Ciudad de M\u00e9xico.<\/p>\n<p>Las obras concluir\u00edan en los tramos de Revoluci\u00f3n y Central este 15 de octubre con la coordinaci\u00f3n de las autoridades del Ayuntamiento de Tlaquepaque donde no han sido necesarios cierres a la vialidad.<\/p>\n<p>Para Saber M\u00e1s<br \/>\nLas y los creadores que forman parte de Traza Jalisco antes de sus tareas en la v\u00eda p\u00fablica reciben en el edificio Arroniz de la SC, una capacitaci\u00f3n de parte de personal de Protecci\u00f3n Civil del Estado para el uso adecuado del arn\u00e9s, los andamios y otras herramientas de trabajo.<\/p>\n","protected":false},"excerpt":{"rendered":"<p>\u00a0\u00a0\u00a0La L\u00ednea 3 del Tren Ligero en el municipio de Tlaquepaque, es intervenida por los artistas de Traza Jalisco, quienes ponen luz y color desde hace varios d\u00edas a 22 pilares de este programa de impulso al arte urbano, de la Secretar\u00eda de Cultura de Jalisco (SC) con la colaboraci\u00f3n de Por un M\u00e9xico bien &hellip; <\/p>\n<p><a class=\"more-link btn\" href=\"https:\/\/lamendigapolitica.com\/?p=65936\">Seguir leyendo<\/a><\/p>\n","protected":false},"author":1,"featured_media":0,"comment_status":"open","ping_status":"closed","sticky":false,"template":"","format":"standard","meta":{"footnotes":""},"categories":[26,36,20,38],"tags":[],"class_list":["post-65936","post","type-post","status-publish","format-standard","hentry","category-cultura","category-espectaculos","category-gobierno","category-movilidad","item-wrap"],"_links":{"self":[{"href":"https:\/\/lamendigapolitica.com\/index.php?rest_route=\/wp\/v2\/posts\/65936","targetHints":{"allow":["GET"]}}],"collection":[{"href":"https:\/\/lamendigapolitica.com\/index.php?rest_route=\/wp\/v2\/posts"}],"about":[{"href":"https:\/\/lamendigapolitica.com\/index.php?rest_route=\/wp\/v2\/types\/post"}],"author":[{"embeddable":true,"href":"https:\/\/lamendigapolitica.com\/index.php?rest_route=\/wp\/v2\/users\/1"}],"replies":[{"embeddable":true,"href":"https:\/\/lamendigapolitica.com\/index.php?rest_route=%2Fwp%2Fv2%2Fcomments&post=65936"}],"version-history":[{"count":1,"href":"https:\/\/lamendigapolitica.com\/index.php?rest_route=\/wp\/v2\/posts\/65936\/revisions"}],"predecessor-version":[{"id":65938,"href":"https:\/\/lamendigapolitica.com\/index.php?rest_route=\/wp\/v2\/posts\/65936\/revisions\/65938"}],"wp:attachment":[{"href":"https:\/\/lamendigapolitica.com\/index.php?rest_route=%2Fwp%2Fv2%2Fmedia&parent=65936"}],"wp:term":[{"taxonomy":"category","embeddable":true,"href":"https:\/\/lamendigapolitica.com\/index.php?rest_route=%2Fwp%2Fv2%2Fcategories&post=65936"},{"taxonomy":"post_tag","embeddable":true,"href":"https:\/\/lamendigapolitica.com\/index.php?rest_route=%2Fwp%2Fv2%2Ftags&post=65936"}],"curies":[{"name":"wp","href":"https:\/\/api.w.org\/{rel}","templated":true}]}}