{"id":65910,"date":"2020-10-13T19:32:14","date_gmt":"2020-10-14T00:32:14","guid":{"rendered":"http:\/\/lamendigapolitica.com\/?p=65910"},"modified":"2020-10-13T19:32:14","modified_gmt":"2020-10-14T00:32:14","slug":"la-feria-del-carton-y-la-navidena-si-se-instalaran-este-ano-en-guadalajara","status":"publish","type":"post","link":"https:\/\/lamendigapolitica.com\/?p=65910","title":{"rendered":"La Feria del Cart\u00f3n y la Navide\u00f1a si se instalar\u00e1n este a\u00f1o en Guadalajara"},"content":{"rendered":"<p><a href=\"https:\/\/lamendigapolitica.com\/blog\/wp-content\/uploads\/2020\/10\/2-2.jpg\"><img loading=\"lazy\" decoding=\"async\" class=\"aligncenter size-large wp-image-65911\" src=\"https:\/\/lamendigapolitica.com\/blog\/wp-content\/uploads\/2020\/10\/2-2-1024x670.jpg\" alt=\"\" width=\"555\" height=\"363\" \/><\/a><\/p>\n<p>&nbsp;<\/p>\n<p>Confirma el alcalde de Guadalajara la instalaci\u00f3n de la Feria del Cart\u00f3n y la Feria Navide\u00f1a del Refugio.<\/p>\n<p>El Presidente municipal de Guadalajara, Ismael Del Toro Castro, confirm\u00f3 la instalaci\u00f3n de la Feria del Cart\u00f3n y la Feria Navide\u00f1a del Refugio, bajo estrictos protocolos sanitarios.<\/p>\n<p><!--more--><\/p>\n<p>Durante la transmisi\u00f3n de La Ciudad en L\u00ednea, expuso que se instalar\u00e1n filtros sanitarios en los que se regular\u00e1 el ingreso de compradores, se tomar\u00e1 la temperatura, se supervisar\u00e1 el correcto uso de cubrebocas, se proporcionar\u00e1n estos protectores a quien no tenga uno, y se distribuir\u00e1 gel antibacterial.<\/p>\n<p>Tambi\u00e9n hizo referencia a la importancia de continuar acatando las medidas preventivas; expuso que \u201cesta semana ha sido clave para poder regresar a las condiciones de prevenci\u00f3n y desaceleramiento de la tasa de contagios; como ustedes saben, se estableci\u00f3 desde la semana pasada una medida cr\u00edtica en el sem\u00e1foro epidemiol\u00f3gico, casi llegando al tope de los indicadores que generar\u00eda el \u2018par\u00f3n\u2019 otra vez de las actividades econ\u00f3micas y sociales; se hizo un llamado y quiero reconocer a todos los tapat\u00edos y los diferentes sectores econ\u00f3micos de la sociedad que atendi\u00f3 este llamado.\u201d<\/p>\n<p>La feria del cart\u00f3n se instalar\u00e1:<br \/>\n15 de octubre al 08 de Noviembre 2020<\/p>\n<p>N\u00famero de comerciantes: 186<\/p>\n","protected":false},"excerpt":{"rendered":"<p>&nbsp; Confirma el alcalde de Guadalajara la instalaci\u00f3n de la Feria del Cart\u00f3n y la Feria Navide\u00f1a del Refugio. El Presidente municipal de Guadalajara, Ismael Del Toro Castro, confirm\u00f3 la instalaci\u00f3n de la Feria del Cart\u00f3n y la Feria Navide\u00f1a del Refugio, bajo estrictos protocolos sanitarios.<\/p><p><a class=\"more-link btn\" href=\"https:\/\/lamendigapolitica.com\/?p=65910\">Seguir leyendo<\/a><\/p>\n","protected":false},"author":1,"featured_media":0,"comment_status":"open","ping_status":"closed","sticky":false,"template":"","format":"standard","meta":{"footnotes":""},"categories":[26,36,20,29,27,22,24],"tags":[],"class_list":["post-65910","post","type-post","status-publish","format-standard","hentry","category-cultura","category-espectaculos","category-gobierno","category-salud","category-seguridad","category-sociales","category-turismo","item-wrap"],"_links":{"self":[{"href":"https:\/\/lamendigapolitica.com\/index.php?rest_route=\/wp\/v2\/posts\/65910","targetHints":{"allow":["GET"]}}],"collection":[{"href":"https:\/\/lamendigapolitica.com\/index.php?rest_route=\/wp\/v2\/posts"}],"about":[{"href":"https:\/\/lamendigapolitica.com\/index.php?rest_route=\/wp\/v2\/types\/post"}],"author":[{"embeddable":true,"href":"https:\/\/lamendigapolitica.com\/index.php?rest_route=\/wp\/v2\/users\/1"}],"replies":[{"embeddable":true,"href":"https:\/\/lamendigapolitica.com\/index.php?rest_route=%2Fwp%2Fv2%2Fcomments&post=65910"}],"version-history":[{"count":1,"href":"https:\/\/lamendigapolitica.com\/index.php?rest_route=\/wp\/v2\/posts\/65910\/revisions"}],"predecessor-version":[{"id":65912,"href":"https:\/\/lamendigapolitica.com\/index.php?rest_route=\/wp\/v2\/posts\/65910\/revisions\/65912"}],"wp:attachment":[{"href":"https:\/\/lamendigapolitica.com\/index.php?rest_route=%2Fwp%2Fv2%2Fmedia&parent=65910"}],"wp:term":[{"taxonomy":"category","embeddable":true,"href":"https:\/\/lamendigapolitica.com\/index.php?rest_route=%2Fwp%2Fv2%2Fcategories&post=65910"},{"taxonomy":"post_tag","embeddable":true,"href":"https:\/\/lamendigapolitica.com\/index.php?rest_route=%2Fwp%2Fv2%2Ftags&post=65910"}],"curies":[{"name":"wp","href":"https:\/\/api.w.org\/{rel}","templated":true}]}}