{"id":65830,"date":"2020-10-06T21:03:34","date_gmt":"2020-10-07T02:03:34","guid":{"rendered":"http:\/\/lamendigapolitica.com\/?p=65830"},"modified":"2020-10-06T21:03:34","modified_gmt":"2020-10-07T02:03:34","slug":"concluyen-trabajos-de-traza-jalisco-en-zapopan","status":"publish","type":"post","link":"https:\/\/lamendigapolitica.com\/?p=65830","title":{"rendered":"Concluyen trabajos de Traza Jalisco en Zapopan"},"content":{"rendered":"<p><a href=\"https:\/\/lamendigapolitica.com\/blog\/wp-content\/uploads\/2020\/10\/3.jpg\"><img loading=\"lazy\" decoding=\"async\" class=\"aligncenter size-full wp-image-65831\" src=\"https:\/\/lamendigapolitica.com\/blog\/wp-content\/uploads\/2020\/10\/3.jpg\" alt=\"\" width=\"904\" height=\"568\" srcset=\"https:\/\/lamendigapolitica.com\/wp-content\/uploads\/2020\/10\/3.jpg 904w, https:\/\/lamendigapolitica.com\/wp-content\/uploads\/2020\/10\/3-300x188.jpg 300w, https:\/\/lamendigapolitica.com\/wp-content\/uploads\/2020\/10\/3-768x483.jpg 768w\" sizes=\"auto, (max-width: 904px) 100vw, 904px\" \/><\/a><\/p>\n<p>\u25cf Terminan 12 d\u00edas del trabajo de 31 artistas y un colectivo en 32 pilares de la L\u00ednea 3 del Tren Ligero en este municipio<br \/>\n\u25cf El jueves arrancan otros creadores en Tlaquepaque donde trabajar\u00e1n hasta el 15 de octubre seg\u00fan lo programado<\/p>\n<p>Luego de 12 d\u00edas de trabajo en Zapopan, los artistas urbanos de Traza Jalisco concluyen este mi\u00e9rcoles sus obras en este municipio. Son 32 las columnas de la L\u00ednea 3 del Tren Ligero sobre las que qued\u00f3 plasmado el talento de creadoras y creadores mexicanos.<\/p>\n<p><!--more--><\/p>\n<p>Las intervenciones en esta ruta que va desde Arcos de Zapopan hasta Belenes, se distinguen ya entre los pilares de concreto como un elemento visual que forma parte del entorno, llevando color y calidez a los ojos.<\/p>\n<p>Distintos temas saltan a la vista, desde la pandemia por COVID-19 hasta la naturaleza y la ni\u00f1ez. Un caballo, un gato cient\u00edfico, una mujer, son s\u00f3lo algunos personajes retratados en estos espacios p\u00fablicos, que aspiran a convertirse en la galer\u00eda de arte urbano m\u00e1s grande de Jalisco.<\/p>\n<p>Los autores, oriundos de Jalisco y varios estados de la Rep\u00fablica, pretenden influir m\u00e1s all\u00e1 de lo visual, por eso, desde la presentaci\u00f3n de su proyecto cuidaron ser congruentes con la propuesta para que cada mural-grafiti influya en quienes habitan el espacio, inspirando a la cohesi\u00f3n social.<\/p>\n<p>Los autores de Jalisco en las columnas zapopanas son: Samuel Jr. S\u00e1nchez Cuevas \u201cFixe\u201d, \u00c1ngel Huerta Flores \u201cSirock\u201d, Arl\u00e9n Rub\u00e9n Leyva \u201cHimed\u201d, Gibr\u00e1n Juli\u00e1n, Mar\u00eda del Carmen Lancaster Jones Orozco \u201cMC Lancaster\u201d, Bernardo Ordu\u00f1o Guerra, Trevor Roberto Ramos Godinez \u201cTerko\u201d, Jos\u00e9 Daniel Ch\u00e1vez Res\u00e9ndiz \u201cMack\u201d, Jos\u00e9 de Jes\u00fas Gallardo Ocampo, Anette Tiznado Mart\u00ednez \u201cHokzyn\u201d, Bryan Reyes Serrano \u201cStafe2359\u201d, Azmy Valenzuela Olivares \u201cMr. Vaoly\u201d, Oliver Casillas, Jorge Acosta Casta\u00f1eda y Rodrigo O\u00f1ate \u201cROCO\u201d.<\/p>\n<p>De la Ciudad de M\u00e9xico: Eva Bracamontes y Rafael Vera Jim\u00e9nez \u201cX83 One\u201d. Del Estado de M\u00e9xico son: Diana Arias Estrada \u201cZUE\u201d y Nerik Mart\u00ednez Piedra \u201cRamsteko\u201d. De Michoac\u00e1n: Julio \u00c1valos \u201cChous\u201d, Raquel Medina Palominos, Guillermina Moreno Neri.<\/p>\n<p>De Baja California Norte Rodrigo Villa \u201cRodavilla\u201d y Nestor Daniel Mondrag\u00f3n. De San Luis Potos\u00ed son: Gloria Ventura Rosas y Luis Manuel Vacilio Tob\u00edas. De Guanajuato: Jessie Josu\u00e9 Tadeo Serna y de Campeche Gaspar Chan Coj. De Hidalgo: Carlos Moreno Escobedo \u201cCarne Moreno\u201d y de Nuevo Le\u00f3n Adri\u00e1n Rodr\u00edguez Huerta. Y de Quer\u00e9taro: Mariela L\u00f3pez, Heczar G\u00f3mez, V\u00edctor L\u00f3pez y Javier Moreno de Colectivo La Madriguera y de Oaxaca Heriberto Torres Ju\u00e1rez.<\/p>\n<p>Este jueves las intervenciones comienzan en Tlaquepaque en zonas como Centro Tlaquepaque y Revoluci\u00f3n, a cargo de otro grupo de creadores que estar\u00edan en la zona hasta el 15 de octubre seg\u00fan lo programado.<\/p>\n<p>Traza Jalisco es un proyecto de arte urbano de participaci\u00f3n colectiva que impulsa la cohesi\u00f3n social y que lleva a cabo la Secretar\u00eda de Cultura de Jalisco con la colaboraci\u00f3n de Por un M\u00e9xico bien hecho de Comex.<\/p>\n","protected":false},"excerpt":{"rendered":"<p>\u25cf Terminan 12 d\u00edas del trabajo de 31 artistas y un colectivo en 32 pilares de la L\u00ednea 3 del Tren Ligero en este municipio \u25cf El jueves arrancan otros creadores en Tlaquepaque donde trabajar\u00e1n hasta el 15 de octubre seg\u00fan lo programado Luego de 12 d\u00edas de trabajo en Zapopan, los artistas urbanos de &hellip; <\/p>\n<p><a class=\"more-link btn\" href=\"https:\/\/lamendigapolitica.com\/?p=65830\">Seguir leyendo<\/a><\/p>\n","protected":false},"author":1,"featured_media":0,"comment_status":"open","ping_status":"closed","sticky":false,"template":"","format":"standard","meta":{"footnotes":""},"categories":[26,36,20,22],"tags":[],"class_list":["post-65830","post","type-post","status-publish","format-standard","hentry","category-cultura","category-espectaculos","category-gobierno","category-sociales","item-wrap"],"_links":{"self":[{"href":"https:\/\/lamendigapolitica.com\/index.php?rest_route=\/wp\/v2\/posts\/65830","targetHints":{"allow":["GET"]}}],"collection":[{"href":"https:\/\/lamendigapolitica.com\/index.php?rest_route=\/wp\/v2\/posts"}],"about":[{"href":"https:\/\/lamendigapolitica.com\/index.php?rest_route=\/wp\/v2\/types\/post"}],"author":[{"embeddable":true,"href":"https:\/\/lamendigapolitica.com\/index.php?rest_route=\/wp\/v2\/users\/1"}],"replies":[{"embeddable":true,"href":"https:\/\/lamendigapolitica.com\/index.php?rest_route=%2Fwp%2Fv2%2Fcomments&post=65830"}],"version-history":[{"count":1,"href":"https:\/\/lamendigapolitica.com\/index.php?rest_route=\/wp\/v2\/posts\/65830\/revisions"}],"predecessor-version":[{"id":65832,"href":"https:\/\/lamendigapolitica.com\/index.php?rest_route=\/wp\/v2\/posts\/65830\/revisions\/65832"}],"wp:attachment":[{"href":"https:\/\/lamendigapolitica.com\/index.php?rest_route=%2Fwp%2Fv2%2Fmedia&parent=65830"}],"wp:term":[{"taxonomy":"category","embeddable":true,"href":"https:\/\/lamendigapolitica.com\/index.php?rest_route=%2Fwp%2Fv2%2Fcategories&post=65830"},{"taxonomy":"post_tag","embeddable":true,"href":"https:\/\/lamendigapolitica.com\/index.php?rest_route=%2Fwp%2Fv2%2Ftags&post=65830"}],"curies":[{"name":"wp","href":"https:\/\/api.w.org\/{rel}","templated":true}]}}