{"id":61156,"date":"2019-12-10T23:49:53","date_gmt":"2019-12-11T05:49:53","guid":{"rendered":"http:\/\/lamendigapolitica.com\/blog\/?p=61156"},"modified":"2019-12-10T23:49:59","modified_gmt":"2019-12-11T05:49:59","slug":"fallece-marie-fredriksson-del-duo-pop-sueco-roxette","status":"publish","type":"post","link":"https:\/\/lamendigapolitica.com\/?p=61156","title":{"rendered":"Fallece Marie Fredriksson, del d\u00fao pop sueco Roxette"},"content":{"rendered":"\n<figure class=\"wp-block-image\"><img loading=\"lazy\" decoding=\"async\" width=\"720\" height=\"405\" src=\"https:\/\/lamendigapolitica.com\/blog\/blog\/wp-content\/uploads\/2019\/12\/1575983203_805519_1575983353_noticia_normal_recorte1.jpg\" alt=\"\" class=\"wp-image-61157\" srcset=\"https:\/\/lamendigapolitica.com\/wp-content\/uploads\/2019\/12\/1575983203_805519_1575983353_noticia_normal_recorte1.jpg 720w, https:\/\/lamendigapolitica.com\/wp-content\/uploads\/2019\/12\/1575983203_805519_1575983353_noticia_normal_recorte1-300x169.jpg 300w\" sizes=\"auto, (max-width: 720px) 100vw, 720px\" \/><\/figure>\n\n\n<p>AP.-Marie Fredriksson, la cantante del d\u00fao de pop sueco Roxette, falleci\u00f3 a los 61 a\u00f1os, inform\u00f3 el martes la agencia que la representa.<\/p>\n<p>Fredriksson form\u00f3 Roxette con Per Gessle en 1986. Ambos lanzaron su primer \u00e1lbum el mismo a\u00f1o y alcanzaron el \u00e9xito internacional a finales de la d\u00e9cada de 1980 y durante los 90 con canciones como \u201cThe Look\u201d o \u201cIt Must Have Been Love\u201d.<\/p>\n<p><!--more--><\/p>\n<p>Seg\u00fan la agencia Dimberg Jernberg, Fredriksson muri\u00f3 el lunes \u201ca consecuencias de una larga enfermedad\u201d.<\/p>\n<p>\u201cCon gran dolor debemos informarles que una de las artistas m\u00e1s grandes y queridas se ha ido\u201d, dijo la firma.<\/p>\n<p>En su p\u00e1gina de Facebook, Gessle escribi\u00f3: \u201cFuiste una m\u00fasico extraordinaria, una maestra de la voz, una incre\u00edble int\u00e9rprete\u201d.<\/p>\n<p>\u201cEstoy orgulloso, honrado y feliz de haber podido compartir tanto de tu tiempo, talento, calidez, generosidad y sentido del humor\u201d, escribi\u00f3 en ingl\u00e9s, agregando que \u201clas cosas nunca ser\u00e1n igual\u201d.<\/p>\n<p>A Fredriksson le diagnosticaron en 2002 un tumor cerebral. Se someti\u00f3 a un tratamiento agresivo que le pas\u00f3 factura pero que al final result\u00f3 exitoso, dijo su agencia.<\/p>\n<p>Sin embargo, perdi\u00f3 la vista de un ojo y qued\u00f3 con o\u00eddo y movilidad limitados, y no pod\u00eda leer o escribir.<\/p>\n<p>Tampoco pudo hablar por un largo periodo de tiempo despu\u00e9s del tratamiento, pero con los a\u00f1os logr\u00f3 volver de manera gradual a los escenarios.<\/p>\n<p>Fredriksson naci\u00f3 en el sur de Suecia el 30 de mayo de 1958 y comenz\u00f3 su carrera art\u00edstica en 1984.<\/p>\n<p>Dos a\u00f1os despu\u00e9s form\u00f3 Roxette con Gessle, y en 1989 el d\u00fao salt\u00f3 al estrellato con \u201cThe Look\u201d.<\/p>\n<p>Alcanzaron el \u00e9xito internacional con los discos \u201cLook Sharp!\u201d en 1988 y \u201cJoyride\u201d en 1991, y seis de sus canciones llegaron a los dos primeros lugares de la lista Hot 100 de Billboard.<\/p>\n<p>El d\u00fao vendi\u00f3 80 millones de discos y se embarc\u00f3 en giras mundiales.<\/p>\n<p>Eran la banda m\u00e1s conocida de Suecia desde ABBA en los 70 y 80, y en 2003, el rey Carlos XVI Gustavo de Suecia les otorg\u00f3 un premio real.<\/p>\n<p>Fredriksson hizo su primera aparici\u00f3n p\u00fablica tras la operaci\u00f3n por su tumor cerebral para recibir el honor con Gessle.<\/p>\n<p>Le sobreviven su esposo, Mikael Bolyos, y sus dos hijos, Josefin y Oscar.<\/p>","protected":false},"excerpt":{"rendered":"<p>AP.-Marie Fredriksson, la cantante del d\u00fao de pop sueco Roxette, falleci\u00f3 a los 61 a\u00f1os, inform\u00f3 el martes la agencia que la representa. Fredriksson form\u00f3 Roxette con Per Gessle en 1986. Ambos lanzaron su primer \u00e1lbum el mismo a\u00f1o y alcanzaron el \u00e9xito internacional a finales de la d\u00e9cada de 1980 y durante los 90 &hellip; <\/p>\n<p><a class=\"more-link btn\" href=\"https:\/\/lamendigapolitica.com\/?p=61156\">Seguir leyendo<\/a><\/p>\n","protected":false},"author":1,"featured_media":0,"comment_status":"open","ping_status":"closed","sticky":false,"template":"","format":"standard","meta":{"footnotes":""},"categories":[26,36,20,31,29,22,41,24],"tags":[],"class_list":["post-61156","post","type-post","status-publish","format-standard","hentry","category-cultura","category-espectaculos","category-gobierno","category-internacional","category-salud","category-sociales","category-tecnologia","category-turismo","item-wrap"],"_links":{"self":[{"href":"https:\/\/lamendigapolitica.com\/index.php?rest_route=\/wp\/v2\/posts\/61156","targetHints":{"allow":["GET"]}}],"collection":[{"href":"https:\/\/lamendigapolitica.com\/index.php?rest_route=\/wp\/v2\/posts"}],"about":[{"href":"https:\/\/lamendigapolitica.com\/index.php?rest_route=\/wp\/v2\/types\/post"}],"author":[{"embeddable":true,"href":"https:\/\/lamendigapolitica.com\/index.php?rest_route=\/wp\/v2\/users\/1"}],"replies":[{"embeddable":true,"href":"https:\/\/lamendigapolitica.com\/index.php?rest_route=%2Fwp%2Fv2%2Fcomments&post=61156"}],"version-history":[{"count":1,"href":"https:\/\/lamendigapolitica.com\/index.php?rest_route=\/wp\/v2\/posts\/61156\/revisions"}],"predecessor-version":[{"id":61158,"href":"https:\/\/lamendigapolitica.com\/index.php?rest_route=\/wp\/v2\/posts\/61156\/revisions\/61158"}],"wp:attachment":[{"href":"https:\/\/lamendigapolitica.com\/index.php?rest_route=%2Fwp%2Fv2%2Fmedia&parent=61156"}],"wp:term":[{"taxonomy":"category","embeddable":true,"href":"https:\/\/lamendigapolitica.com\/index.php?rest_route=%2Fwp%2Fv2%2Fcategories&post=61156"},{"taxonomy":"post_tag","embeddable":true,"href":"https:\/\/lamendigapolitica.com\/index.php?rest_route=%2Fwp%2Fv2%2Ftags&post=61156"}],"curies":[{"name":"wp","href":"https:\/\/api.w.org\/{rel}","templated":true}]}}