{"id":61149,"date":"2019-12-10T22:18:48","date_gmt":"2019-12-11T04:18:48","guid":{"rendered":"http:\/\/lamendigapolitica.com\/blog\/?p=61149"},"modified":"2019-12-10T22:18:56","modified_gmt":"2019-12-11T04:18:56","slug":"pintura-de-zapata-desnudo-y-con-rasgos-femeninos-desata-polemica-en-mexico","status":"publish","type":"post","link":"https:\/\/lamendigapolitica.com\/?p=61149","title":{"rendered":"Pintura de Zapata desnudo y con rasgos femeninos desata pol\u00e9mica en M\u00e9xico"},"content":{"rendered":"\n<figure class=\"wp-block-image\"><img loading=\"lazy\" decoding=\"async\" width=\"912\" height=\"538\" src=\"https:\/\/lamendigapolitica.com\/blog\/blog\/wp-content\/uploads\/2019\/12\/5-5.jpg\" alt=\"\" class=\"wp-image-61150\" srcset=\"https:\/\/lamendigapolitica.com\/wp-content\/uploads\/2019\/12\/5-5.jpg 912w, https:\/\/lamendigapolitica.com\/wp-content\/uploads\/2019\/12\/5-5-300x177.jpg 300w, https:\/\/lamendigapolitica.com\/wp-content\/uploads\/2019\/12\/5-5-768x453.jpg 768w\" sizes=\"auto, (max-width: 912px) 100vw, 912px\" \/><\/figure>\n\n\n<p>AFP.-Una pol\u00e9mica pintura del l\u00edder revolucionario mexicano Emiliano Zapata, en la que aparece desnudo, con rasgos femeninos y usando zapatillas, tiene enfrentados a familiares del caudillo y campesinos, de un lado, y al creador de la obra y la comunidad LGTB del otro.<br \/>Al grito de \u201c\u00a1Que la quemen, que la quemen!\u201d, un centenar de manifestantes ingresaron al Palacio de Bellas Artes, m\u00e1ximo recinto cultural de M\u00e9xico, y amenazaron con incendiar la obra \u201cLa Revoluci\u00f3n\u201d tras afirmar que con ella se \u201cdenigra\u201d la imagen del l\u00edder revolucionario, un campesino del estado de Morelos.<\/p>\n<p>Los campesinos estuvieron durante horas protestando ante Bellas Artes y lanzado consignas homof\u00f3bicas, lo que motiv\u00f3 que un peque\u00f1o grupo de la comunidad LGBT acudiera al lugar, desat\u00e1ndose algunos roces verbales y empujones.<\/p>\n<p><!--more--><\/p>\n<p>\u201cEstoy bastante sorprendido por esta manifestaci\u00f3n violenta (\u2026). \u00bfPor qu\u00e9 lo femenino tendr\u00eda que ser motivo de ofensa\u201d, dijo a Radio F\u00f3rmula el autor de la pintura, Fabi\u00e1n Ch\u00e1irez.<\/p>\n<p>Zapata, cuya imagen es el mayor s\u00edmbolo de la revoluci\u00f3n mexicana, aparece desnudo, con el cuerpo feminizado, luciendo un sobrero rosa y montado con pose sensual sobre un caballo con el falo erecto.<\/p>\n<p>La pintura, terminada en 2014 y que ya fue expuesta, forma parte de la exposici\u00f3n \u201cEmiliano. Zapata despu\u00e9s de Zapata\u201d, que conmemora el centenario del fallecimiento del revolucionario. Fue elegida por autoridades culturales para ser portada del folleto de la muestra, lo que acentu\u00f3 la pol\u00e9mica.<\/p>\n<p>\u201cTratamos de dialogar. Este es un museo abierto a todos los mexicanos, a todas las manifestaciones y lo que hicimos fue subrayar eso\u201d, dijo a la prensa Miguel Fern\u00e1ndez, director del Palacio de Bellas Artes.<\/p>\n<p>La pintura ya hab\u00eda despertado disgustos entre la familia y simpatizantes del caudillo, incluido su nieto Jorge Zapata, quien advirti\u00f3 que presentar\u00e1 una acci\u00f3n legal contra Chair\u00e9z.<\/p>\n<p>Autoridades de Bellas Artes han advertido que \u201cLa Revoluci\u00f3n\u201d se mantendr\u00e1 como parte de la exposici\u00f3n dedicada a Zapata, a pesar de que los manifestantes prometieron regresar \u201ccada d\u00eda\u201d hasta que \u00e9sta se haya retirado.<\/p>\n<p>La conmemoraci\u00f3n por el centenario del fallecimiento de Emiliano Zapata forma parte del homenaje nacional que el mandatario izquierdista Andr\u00e9s Manuel L\u00f3pez Obrador extendi\u00f3 todo este a\u00f1o al tratarse de una figura hist\u00f3rica.<\/p>","protected":false},"excerpt":{"rendered":"<p>AFP.-Una pol\u00e9mica pintura del l\u00edder revolucionario mexicano Emiliano Zapata, en la que aparece desnudo, con rasgos femeninos y usando zapatillas, tiene enfrentados a familiares del caudillo y campesinos, de un lado, y al creador de la obra y la comunidad LGTB del otro.Al grito de \u201c\u00a1Que la quemen, que la quemen!\u201d, un centenar de manifestantes &hellip; <\/p>\n<p><a class=\"more-link btn\" href=\"https:\/\/lamendigapolitica.com\/?p=61149\">Seguir leyendo<\/a><\/p>\n","protected":false},"author":1,"featured_media":0,"comment_status":"open","ping_status":"closed","sticky":false,"template":"","format":"standard","meta":{"footnotes":""},"categories":[26,28,36,20,31,37,3,21,27,22],"tags":[],"class_list":["post-61149","post","type-post","status-publish","format-standard","hentry","category-cultura","category-educacion","category-espectaculos","category-gobierno","category-internacional","category-nacional","category-politica","category-religion","category-seguridad","category-sociales","item-wrap"],"_links":{"self":[{"href":"https:\/\/lamendigapolitica.com\/index.php?rest_route=\/wp\/v2\/posts\/61149","targetHints":{"allow":["GET"]}}],"collection":[{"href":"https:\/\/lamendigapolitica.com\/index.php?rest_route=\/wp\/v2\/posts"}],"about":[{"href":"https:\/\/lamendigapolitica.com\/index.php?rest_route=\/wp\/v2\/types\/post"}],"author":[{"embeddable":true,"href":"https:\/\/lamendigapolitica.com\/index.php?rest_route=\/wp\/v2\/users\/1"}],"replies":[{"embeddable":true,"href":"https:\/\/lamendigapolitica.com\/index.php?rest_route=%2Fwp%2Fv2%2Fcomments&post=61149"}],"version-history":[{"count":1,"href":"https:\/\/lamendigapolitica.com\/index.php?rest_route=\/wp\/v2\/posts\/61149\/revisions"}],"predecessor-version":[{"id":61151,"href":"https:\/\/lamendigapolitica.com\/index.php?rest_route=\/wp\/v2\/posts\/61149\/revisions\/61151"}],"wp:attachment":[{"href":"https:\/\/lamendigapolitica.com\/index.php?rest_route=%2Fwp%2Fv2%2Fmedia&parent=61149"}],"wp:term":[{"taxonomy":"category","embeddable":true,"href":"https:\/\/lamendigapolitica.com\/index.php?rest_route=%2Fwp%2Fv2%2Fcategories&post=61149"},{"taxonomy":"post_tag","embeddable":true,"href":"https:\/\/lamendigapolitica.com\/index.php?rest_route=%2Fwp%2Fv2%2Ftags&post=61149"}],"curies":[{"name":"wp","href":"https:\/\/api.w.org\/{rel}","templated":true}]}}