{"id":61146,"date":"2019-12-10T21:03:23","date_gmt":"2019-12-11T03:03:23","guid":{"rendered":"http:\/\/lamendigapolitica.com\/blog\/?p=61146"},"modified":"2019-12-10T21:03:25","modified_gmt":"2019-12-11T03:03:25","slug":"recibe-guadalajara-el-reconocimiento-oficial-como-capital-mundial-del-deporte-2020","status":"publish","type":"post","link":"https:\/\/lamendigapolitica.com\/?p=61146","title":{"rendered":"Recibe Guadalajara el reconocimiento oficial como Capital Mundial del Deporte 2020"},"content":{"rendered":"\n<figure class=\"wp-block-image\"><img loading=\"lazy\" decoding=\"async\" width=\"1024\" height=\"682\" src=\"https:\/\/lamendigapolitica.com\/blog\/blog\/wp-content\/uploads\/2019\/12\/WhatsApp-Image-2019-12-10-at-5.02.31-PM-1024x682.jpeg\" alt=\"\" class=\"wp-image-61147\" srcset=\"https:\/\/lamendigapolitica.com\/wp-content\/uploads\/2019\/12\/WhatsApp-Image-2019-12-10-at-5.02.31-PM-1024x682.jpeg 1024w, https:\/\/lamendigapolitica.com\/wp-content\/uploads\/2019\/12\/WhatsApp-Image-2019-12-10-at-5.02.31-PM-300x200.jpeg 300w, https:\/\/lamendigapolitica.com\/wp-content\/uploads\/2019\/12\/WhatsApp-Image-2019-12-10-at-5.02.31-PM-768x512.jpeg 768w, https:\/\/lamendigapolitica.com\/wp-content\/uploads\/2019\/12\/WhatsApp-Image-2019-12-10-at-5.02.31-PM.jpeg 1280w\" sizes=\"auto, (max-width: 1024px) 100vw, 1024px\" \/><\/figure>\n\n\n<p>Este martes se llev\u00f3 a cabo la ceremonia de entrega de reconocimientos en el Parlamento Europeo, en la ciudad de Bruselas, donde el Gobierno de Guadalajara recibi\u00f3 de manera oficial nombramiento otorgado por la Asociaci\u00f3n ACES Europe.<\/p>\n<p>El Presidente municipal de Guadalajara, Ismael Del Toro Castro, recibi\u00f3 el distintivo conmemorativo con la asignaci\u00f3n de \u00abGuadalajara, Capital Mundial del Deporte 2020\u00bb, acompa\u00f1ado del Director General del CODE Jalisco, Fernando Ortega Ramos, el Director General del COMUDE Guadalajara, Tom\u00e1s Antonio Gallo Padilla, y el Coordinador General de Construcci\u00f3n de Comunidad, Mario Hugo Castellanos Ibarra.<\/p>\n<p>Tras agradecer a los integrantes de ACES Europe por este reconocimiento, Del Toro Castro mencion\u00f3 que en el Gobierno de Guadalajara se asume el compromiso de que el deporte siga siendo un eje importante en la pol\u00edtica p\u00fablica de La Ciudad.<\/p>\n<p>\u00abY como lo dije desde la visita en la que el Comit\u00e9 revis\u00f3 la capacidad instalada de Guadalajara, c\u00f3mo ve La Ciudad al deporte como una pol\u00edtica p\u00fablica, c\u00f3mo tenemos eventos de gran magnitud a nivel internacional, pero sobre todo, c\u00f3mo el deporte en Guadalajara es una pol\u00edtica p\u00fablica para todos, para las mujeres, para las personas con discapacidad\u00bb, comparti\u00f3 el alcalde tapat\u00edo.<\/p>\n<p>A\u00f1adi\u00f3 que \u201cal recibir esta distinci\u00f3n, nos vamos a llevar un gran compromiso, de hacer de Guadalajara Capital Mundial del Deporte, una punta de lanza como pol\u00edtica p\u00fablica, y quiero asumir este compromiso aqu\u00ed, delante de todos ustedes\u201d.<\/p>\n<p>En esta ceremonia tambi\u00e9n se entregaron otros reconocimientos a ciudades europeas destacadas por su aporte en materia deportiva, entre los cuales destacan el de M\u00e1laga, Espa\u00f1a, como Capital Europea del Deporte 2020; Drenthe, Holanda, como Comunidad Europea del Deporte 2020; Portimao, Portugal, como Ciudad Europea del Deporte, y Elgoibar, Espa\u00f1a, como Pueblo Europeo del Deporte 2020.<\/p>","protected":false},"excerpt":{"rendered":"<p>Este martes se llev\u00f3 a cabo la ceremonia de entrega de reconocimientos en el Parlamento Europeo, en la ciudad de Bruselas, donde el Gobierno de Guadalajara recibi\u00f3 de manera oficial nombramiento otorgado por la Asociaci\u00f3n ACES Europe. El Presidente municipal de Guadalajara, Ismael Del Toro Castro, recibi\u00f3 el distintivo conmemorativo con la asignaci\u00f3n de \u00abGuadalajara, &hellip; <\/p>\n<p><a class=\"more-link btn\" href=\"https:\/\/lamendigapolitica.com\/?p=61146\">Seguir leyendo<\/a><\/p>\n","protected":false},"author":1,"featured_media":0,"comment_status":"open","ping_status":"closed","sticky":false,"template":"","format":"standard","meta":{"footnotes":""},"categories":[26,23,30,28,36,20,31,38,37,5,3,22,41,24],"tags":[],"class_list":["post-61146","post","type-post","status-publish","format-standard","hentry","category-cultura","category-deportes","category-economia","category-educacion","category-espectaculos","category-gobierno","category-internacional","category-movilidad","category-nacional","category-partidos","category-politica","category-sociales","category-tecnologia","category-turismo","item-wrap"],"_links":{"self":[{"href":"https:\/\/lamendigapolitica.com\/index.php?rest_route=\/wp\/v2\/posts\/61146","targetHints":{"allow":["GET"]}}],"collection":[{"href":"https:\/\/lamendigapolitica.com\/index.php?rest_route=\/wp\/v2\/posts"}],"about":[{"href":"https:\/\/lamendigapolitica.com\/index.php?rest_route=\/wp\/v2\/types\/post"}],"author":[{"embeddable":true,"href":"https:\/\/lamendigapolitica.com\/index.php?rest_route=\/wp\/v2\/users\/1"}],"replies":[{"embeddable":true,"href":"https:\/\/lamendigapolitica.com\/index.php?rest_route=%2Fwp%2Fv2%2Fcomments&post=61146"}],"version-history":[{"count":1,"href":"https:\/\/lamendigapolitica.com\/index.php?rest_route=\/wp\/v2\/posts\/61146\/revisions"}],"predecessor-version":[{"id":61148,"href":"https:\/\/lamendigapolitica.com\/index.php?rest_route=\/wp\/v2\/posts\/61146\/revisions\/61148"}],"wp:attachment":[{"href":"https:\/\/lamendigapolitica.com\/index.php?rest_route=%2Fwp%2Fv2%2Fmedia&parent=61146"}],"wp:term":[{"taxonomy":"category","embeddable":true,"href":"https:\/\/lamendigapolitica.com\/index.php?rest_route=%2Fwp%2Fv2%2Fcategories&post=61146"},{"taxonomy":"post_tag","embeddable":true,"href":"https:\/\/lamendigapolitica.com\/index.php?rest_route=%2Fwp%2Fv2%2Ftags&post=61146"}],"curies":[{"name":"wp","href":"https:\/\/api.w.org\/{rel}","templated":true}]}}