{"id":53059,"date":"2018-05-07T16:54:33","date_gmt":"2018-05-07T21:54:33","guid":{"rendered":"http:\/\/lamendigapolitica.com\/blog\/?p=53059"},"modified":"2018-05-07T16:54:33","modified_gmt":"2018-05-07T21:54:33","slug":"el-met-exhibe-joyas-del-vaticano","status":"publish","type":"post","link":"https:\/\/lamendigapolitica.com\/?p=53059","title":{"rendered":"El MET exhibe joyas del Vaticano"},"content":{"rendered":"<p><a href=\"https:\/\/lamendigapolitica.com\/blog\/blog\/wp-content\/uploads\/2018\/05\/met.jpeg\" rel=\"attachment wp-att-53060\"><img loading=\"lazy\" decoding=\"async\" class=\"aligncenter size-full wp-image-53060\" src=\"https:\/\/lamendigapolitica.com\/blog\/blog\/wp-content\/uploads\/2018\/05\/met.jpeg\" alt=\"met\" width=\"600\" height=\"800\" srcset=\"https:\/\/lamendigapolitica.com\/wp-content\/uploads\/2018\/05\/met.jpeg 600w, https:\/\/lamendigapolitica.com\/wp-content\/uploads\/2018\/05\/met-225x300.jpeg 225w\" sizes=\"auto, (max-width: 600px) 100vw, 600px\" \/><\/a><\/p>\n<p>AP.-Tiaras incrustadas con miles de diamantes, esmeraldas y rub\u00edes. Mantos y vestimentas papales con bordados en oro tan finos, que tom\u00f3 casi dos d\u00e9cadas producirlos.<\/p>\n<p>Si uno va a ejercer un cargo de poder debe vestirse apropiadamente, y al parecer los l\u00edderes de la Iglesia cat\u00f3lica entendieron esto mejor que nadie a lo largo de los siglos. As\u00ed lo evidencia la m\u00e1s reciente megaexhibici\u00f3n del Instituto del Vestuario del Museo de Arte Metropolitano, que ofrece una mirada a la influencia del catolicismo sobre la moda.<\/p>\n<p>Si busca ejemplos modernos de la relaci\u00f3n entre ambos, considere al papa Benedicto XVI lo llamaron el \u201cPapa Prada\u201d, en base a rumores de que sus elegantes mocasines rojos eran de esa afamada casa de modas. No eran, y de hecho su predecesor, Juan Pablo II, tuvo un par similar que ahora se exhibe en el Met. Pero eso no evit\u00f3 que Benedicto fuera nombrado por Esquire el mejor portador de accesorios en 2007. (El actual papa, Francisco, se atiene a usar zapatos negros simples).<\/p>\n<p>Pero los ejemplos datan de mucho, mucho antes, seg\u00fan \u201cHeavenly Bodies: Fashion and the Catholic Imagination\u201d (Cuerpos celestiales: la moda y la imaginaci\u00f3n cat\u00f3lica), la exposici\u00f3n de moda anual del Met. Como siempre, la muestra es inaugurada con una gala tachonada de estrellas el lunes por la noche. \u00bfCombinar\u00e1n los atuendos de las celebridades con aquellos del Vaticano? Probablemente no.<\/p>\n<p>Tomen, como ejemplo, una impresionante tiara que brilla en las galer\u00edas del Instituto: tres filas compuestas de 19.000 gemas _ 18.000 de ellas diamantes, adem\u00e1s de rub\u00edes, zafiros y esmeraldas. Fue un obsequio que la reina Isabel de Espa\u00f1a le hizo al papa P\u00edo IX, quien la us\u00f3 para la Misa de Navidad en 1854.<\/p>\n<p>O una enorme manta papal blanca con dorado en tafet\u00e1n, bordada con hilo de oro, oropel y lentejuelas. Originalmente fue hecha para el papa Benedicto XIV en el siglo XVIII, pero tambi\u00e9n fue usada por el m\u00e1s reciente Benedicto. Un juego de prendas que incluyen la manta le tom\u00f3 a 15 trabajadores 16 a\u00f1os completar, dice el museo.<\/p>\n<p>Estos son tan solo algunos de los 42 art\u00edculos que el curador Andrew Bolton trajo de la sacrist\u00eda de la Capilla Sixtina en el Vaticano. Bolton realiz\u00f3 12 viajes a lo largo de dos a\u00f1os para asegurar las prendas. En una entrevista reciente en las galer\u00edas, cont\u00f3 c\u00f3mo se agachaba para pasar por \u201cuna puertita diminuta\u201d al costado de la capilla, donde adentro le aguardaban tesoros inconmensurables.<\/p>\n<p>Cada vez que acud\u00eda a la sacrist\u00eda, consegu\u00eda art\u00edculos m\u00e1s tentadores. \u201cPed\u00ed seis y termin\u00e9 con 42\u201d, dijo.<\/p>\n<p>La \u00fanica condici\u00f3n del Vaticano era que las piezas se exhibieran solas, separadas de la secci\u00f3n de moda de la muestra. Bolton lo logr\u00f3 dedicando dos galer\u00edas del Instituto del Vestuario a la colecci\u00f3n del Vaticano, y mostrando las ropas contempor\u00e1neas \u2014 unas 150 prendas \u2014 en las galer\u00edas medievales del Met as\u00ed como en su sucursal The Cloisters en el alto Manhattan. La colecci\u00f3n del Vaticano incluso tiene un volumen separado en el enorme cat\u00e1logo de la exposici\u00f3n.<\/p>\n<p>Bolton dice que entiende que algunos puedan pensar que sea indecoroso conectar el tema comercial de la moda con el tema espiritual de la religi\u00f3n. Sin embargo, como escribe en el cat\u00e1logo, \u201cel vestido es central para cualquier discusi\u00f3n sobre religi\u00f3n: afirma las alianzas religiosas y, por extensi\u00f3n, reivindica las diferencias religiosas\u201d. Adem\u00e1s, se\u00f1ala, siempre ha querido confrontar asuntos culturales oportunos en sus exhibiciones.<\/p>\n<p>Casi todos los dise\u00f1adores en la muestra tienen alg\u00fan tipo de relaci\u00f3n con el catolicismo romano, as\u00ed sea solo que nacieron en el seno de una familia cat\u00f3lica, dijo Bolton. Entre ellos se incluyen Gianni Versace, Dolce &amp; Gabbana, Christian Lacroix, Valentino, Jean-Paul Gaultier y Crist\u00f3bal Balenciaga, el emblem\u00e1tico creador espa\u00f1ol que era profundamente religioso, dijo Bolton.<\/p>\n<p>Algunos dise\u00f1adores inicialmente le dijeron que su trabajo no estaba influenciado por la religi\u00f3n, pero luego le escribieron por correo electr\u00f3nico al darse cuenta de que, de hecho, la religi\u00f3n s\u00ed desempe\u00f1aba un papel en su imaginaci\u00f3n.<\/p>\n<p>\u201cNunca pens\u00e9 que la crianza religiosa podr\u00eda tener tal influencia\u201d, dijo Bolton.<\/p>\n<p>Indic\u00f3 que su idea original era tener una exposici\u00f3n de m\u00faltiples religiones, pero que fue tanto el material que encontr\u00f3 del catolicismo que decidi\u00f3 enfocarse en esto.<\/p>\n","protected":false},"excerpt":{"rendered":"<p>AP.-Tiaras incrustadas con miles de diamantes, esmeraldas y rub\u00edes. Mantos y vestimentas papales con bordados en oro tan finos, que tom\u00f3 casi dos d\u00e9cadas producirlos. Si uno va a ejercer un cargo de poder debe vestirse apropiadamente, y al parecer los l\u00edderes de la Iglesia cat\u00f3lica entendieron esto mejor que nadie a lo largo de &hellip; <\/p>\n<p><a class=\"more-link btn\" href=\"https:\/\/lamendigapolitica.com\/?p=53059\">Seguir leyendo<\/a><\/p>\n","protected":false},"author":1,"featured_media":0,"comment_status":"open","ping_status":"closed","sticky":false,"template":"","format":"standard","meta":{"footnotes":""},"categories":[26,30,28,36,20,31,3,21,27,41,24],"tags":[],"class_list":["post-53059","post","type-post","status-publish","format-standard","hentry","category-cultura","category-economia","category-educacion","category-espectaculos","category-gobierno","category-internacional","category-politica","category-religion","category-seguridad","category-tecnologia","category-turismo","item-wrap"],"_links":{"self":[{"href":"https:\/\/lamendigapolitica.com\/index.php?rest_route=\/wp\/v2\/posts\/53059","targetHints":{"allow":["GET"]}}],"collection":[{"href":"https:\/\/lamendigapolitica.com\/index.php?rest_route=\/wp\/v2\/posts"}],"about":[{"href":"https:\/\/lamendigapolitica.com\/index.php?rest_route=\/wp\/v2\/types\/post"}],"author":[{"embeddable":true,"href":"https:\/\/lamendigapolitica.com\/index.php?rest_route=\/wp\/v2\/users\/1"}],"replies":[{"embeddable":true,"href":"https:\/\/lamendigapolitica.com\/index.php?rest_route=%2Fwp%2Fv2%2Fcomments&post=53059"}],"version-history":[{"count":1,"href":"https:\/\/lamendigapolitica.com\/index.php?rest_route=\/wp\/v2\/posts\/53059\/revisions"}],"predecessor-version":[{"id":53061,"href":"https:\/\/lamendigapolitica.com\/index.php?rest_route=\/wp\/v2\/posts\/53059\/revisions\/53061"}],"wp:attachment":[{"href":"https:\/\/lamendigapolitica.com\/index.php?rest_route=%2Fwp%2Fv2%2Fmedia&parent=53059"}],"wp:term":[{"taxonomy":"category","embeddable":true,"href":"https:\/\/lamendigapolitica.com\/index.php?rest_route=%2Fwp%2Fv2%2Fcategories&post=53059"},{"taxonomy":"post_tag","embeddable":true,"href":"https:\/\/lamendigapolitica.com\/index.php?rest_route=%2Fwp%2Fv2%2Ftags&post=53059"}],"curies":[{"name":"wp","href":"https:\/\/api.w.org\/{rel}","templated":true}]}}