{"id":53056,"date":"2018-05-07T16:50:11","date_gmt":"2018-05-07T21:50:11","guid":{"rendered":"http:\/\/lamendigapolitica.com\/blog\/?p=53056"},"modified":"2018-05-07T16:50:11","modified_gmt":"2018-05-07T21:50:11","slug":"debates-y-deportes","status":"publish","type":"post","link":"https:\/\/lamendigapolitica.com\/?p=53056","title":{"rendered":"Debates y deportes"},"content":{"rendered":"<p><a href=\"https:\/\/lamendigapolitica.com\/blog\/blog\/wp-content\/uploads\/2018\/05\/Rulas2.jpg\" rel=\"attachment wp-att-53057\"><img loading=\"lazy\" decoding=\"async\" class=\"alignleft size-thumbnail wp-image-53057\" src=\"https:\/\/lamendigapolitica.com\/blog\/blog\/wp-content\/uploads\/2018\/05\/Rulas2-150x150.jpg\" alt=\"Rulas2\" width=\"150\" height=\"150\" \/><\/a><\/p>\n<h2><span style=\"color: #0000ff;\">CON CHANFLE\/Ra\u00fal de la Cruz<\/span><\/h2>\n<div class=\"x_gmail_default\">\n<p class=\"x_MsoNormal\">En un pa\u00eds donde no se dirimen las ideas y tampoco se responde a la ciudadan\u00eda no es un pa\u00eds democr\u00e1tico.<\/p>\n<p class=\"x_MsoNormal\">He seguido con atenci\u00f3n los debates que se han televisado en las \u00faltimas semanas. El nacional fue un asco. Siempre he detestado a los montoneros.<\/p>\n<p class=\"x_MsoNormal\">En un debate se privilegia al orador, al que tiene un buen discurso. M\u00e1s no a las ideas o propuestas. Se debate para ver quien traga m\u00e1s pinole no importa la veracidad.<\/p>\n<p class=\"x_MsoNormal\">Prevalece la mentira y el enga\u00f1o. Por desgracia pocos sabemos diferenciar el discurso ama\u00f1ado, tramposo que mucho se usa en tiempo electorales, incluso, hasta en spots televisivos.<\/p>\n<p class=\"x_MsoNormal\">En lo personal ya me tienen hasta la madre. Porque adem\u00e1s lo que me importa no lo tratan.<\/p>\n<p class=\"x_MsoNormal\">En el debate nacional s\u00f3lo tres veces mencionaron la palabra deporte y fue de relleno. En el contexto general ninguno de los candidatos ha propuesto un plan de desarrollo relacionado con las actividades f\u00edsicas y deporte.<\/p>\n<p class=\"x_MsoNormal\">Al final de cuentas van a salir con la babosada de poner a un ex deportista ignorante que fracasar\u00e1 como han fracasado los anteriores.<\/p>\n<p class=\"x_MsoNormal\">Este domingo observ\u00e9 el debate municipal. De pena ajena. El segund\u00f3n, Ismael del Toro, tibio, gris e ins\u00edpido; Almaguer tiene mucha cola que le pisen; me decepcion\u00f3 do\u00f1a Claudia Delgadillo; los se\u00f1ores Casanova y Z\u00e1rate ni fu, ni fa, valen un cacahuate y la que me sorprendi\u00f3 fue Valeria \u00c1vila, una muchacha reci\u00e9n egresada del CUCS, valiente, combativa, directa, franca en sus conceptos, pero sobre todo, les call\u00f3 la boca.<\/p>\n<p class=\"x_MsoNormal\">Su remate fue excepcional. En t\u00e9rminos box\u00edsticos los noque\u00f3, los mand\u00f3 a la lona sin que el moderador, muy malo por cierto, tuviera oportunidad de contar los diez segundos. El problema es que la prensa vendida pr\u00e1cticamente no la tom\u00f3 en cuenta.<\/p>\n<p class=\"x_MsoNormal\">Igual, que en el debate nacional s\u00f3lo mencionaron la palabra deporte en tres ocasiones. Tampoco he escuchado una propuesta para el abordaje de este importante elemento en el municipio. Hay una b\u00fasqueda degenerada del poder por el poder en todos los \u00e1mbitos.<\/p>\n<p class=\"x_MsoNormal\"><b>Liguilla final<\/b>.- Dejemos la sucia pol\u00edtica y vamos a cosas m\u00e1s divertidas. A mis Leones Negros los volvieron eliminar los intereses oscuros de la FMF. En plena final les hicieron un trabajo arbitral bastante sospechoso.<\/p>\n<p class=\"x_MsoNormal\">Por cierto, en las gradas se dej\u00f3 ver al Pinocho Mayor acompa\u00f1ado de ex jugadores de la UdeG quienes fueron invitados con enga\u00f1os. Les hab\u00edan dicho que acudir\u00edan para bajar al vestuario a desearle suerte al Vikingo D\u00e1valos.<\/p>\n<p class=\"x_MsoNormal\">No. Los llevaron a la tribuna con el Pinocho y sus arrastrados. Y para finalizar todo est\u00e1 dispuesto para que al Am\u00e9rica vuelva al t\u00edtulo.<\/p>\n<\/div>\n<div class=\"x_gmail_default\"><\/div>\n<h3 class=\"x_gmail_default\">Secretario de Comunicaci\u00f3n del STAUdG<\/h3>\n<h3 class=\"x_gmail_default\">@rulasdelacruz<\/h3>\n","protected":false},"excerpt":{"rendered":"<p>CON CHANFLE\/Ra\u00fal de la Cruz En un pa\u00eds donde no se dirimen las ideas y tampoco se responde a la ciudadan\u00eda no es un pa\u00eds democr\u00e1tico. He seguido con atenci\u00f3n los debates que se han televisado en las \u00faltimas semanas. El nacional fue un asco. Siempre he detestado a los montoneros. En un debate se &hellip; <\/p>\n<p><a class=\"more-link btn\" href=\"https:\/\/lamendigapolitica.com\/?p=53056\">Seguir leyendo<\/a><\/p>\n","protected":false},"author":1,"featured_media":0,"comment_status":"open","ping_status":"closed","sticky":false,"template":"","format":"standard","meta":{"footnotes":""},"categories":[1,6,26,23,30,28,36,20,31,37,5,3,29,27,22],"tags":[],"class_list":["post-53056","post","type-post","status-publish","format-standard","hentry","category-columnista","category-congreso","category-cultura","category-deportes","category-economia","category-educacion","category-espectaculos","category-gobierno","category-internacional","category-nacional","category-partidos","category-politica","category-salud","category-seguridad","category-sociales","item-wrap"],"_links":{"self":[{"href":"https:\/\/lamendigapolitica.com\/index.php?rest_route=\/wp\/v2\/posts\/53056","targetHints":{"allow":["GET"]}}],"collection":[{"href":"https:\/\/lamendigapolitica.com\/index.php?rest_route=\/wp\/v2\/posts"}],"about":[{"href":"https:\/\/lamendigapolitica.com\/index.php?rest_route=\/wp\/v2\/types\/post"}],"author":[{"embeddable":true,"href":"https:\/\/lamendigapolitica.com\/index.php?rest_route=\/wp\/v2\/users\/1"}],"replies":[{"embeddable":true,"href":"https:\/\/lamendigapolitica.com\/index.php?rest_route=%2Fwp%2Fv2%2Fcomments&post=53056"}],"version-history":[{"count":1,"href":"https:\/\/lamendigapolitica.com\/index.php?rest_route=\/wp\/v2\/posts\/53056\/revisions"}],"predecessor-version":[{"id":53058,"href":"https:\/\/lamendigapolitica.com\/index.php?rest_route=\/wp\/v2\/posts\/53056\/revisions\/53058"}],"wp:attachment":[{"href":"https:\/\/lamendigapolitica.com\/index.php?rest_route=%2Fwp%2Fv2%2Fmedia&parent=53056"}],"wp:term":[{"taxonomy":"category","embeddable":true,"href":"https:\/\/lamendigapolitica.com\/index.php?rest_route=%2Fwp%2Fv2%2Fcategories&post=53056"},{"taxonomy":"post_tag","embeddable":true,"href":"https:\/\/lamendigapolitica.com\/index.php?rest_route=%2Fwp%2Fv2%2Ftags&post=53056"}],"curies":[{"name":"wp","href":"https:\/\/api.w.org\/{rel}","templated":true}]}}