{"id":53050,"date":"2018-05-07T16:29:09","date_gmt":"2018-05-07T21:29:09","guid":{"rendered":"http:\/\/lamendigapolitica.com\/blog\/?p=53050"},"modified":"2018-05-07T16:29:09","modified_gmt":"2018-05-07T21:29:09","slug":"hay-de-animales-a-animales","status":"publish","type":"post","link":"https:\/\/lamendigapolitica.com\/?p=53050","title":{"rendered":"Hay de animales a animales&#8230;"},"content":{"rendered":"<p><a href=\"https:\/\/lamendigapolitica.com\/blog\/blog\/wp-content\/uploads\/2018\/05\/guero2.jpg\" rel=\"attachment wp-att-53051\"><img loading=\"lazy\" decoding=\"async\" class=\"alignleft size-thumbnail wp-image-53051\" src=\"https:\/\/lamendigapolitica.com\/blog\/blog\/wp-content\/uploads\/2018\/05\/guero2-150x150.jpg\" alt=\"guero2\" width=\"150\" height=\"150\" \/><\/a><\/p>\n<h2><span style=\"color: #333399;\">CAVILANDO ANDO\/Alfonso Garc\u00eda Sevilla<\/span><\/h2>\n<div class=\"x_OutlineElement x_Ltr x_SCXW217635633\">\n<p class=\"x_Paragraph x_SCXW217635633\"><span class=\"x_TextRun x_SCXW217635633\" lang=\"ES-ES\"><span class=\"x_NormalTextRun x_SCXW217635633\">Iniciamos la semana con la agradable noticia de que el portal de noticias \u00abAnimal Pol\u00edtico\u00bb\u00a0<\/span><\/span><span class=\"x_TextRun x_SCXW217635633\" lang=\"ES-ES\"><span class=\"x_NormalTextRun x_SCXW217635633\">recibi\u00f3\u00a0<\/span><\/span><span class=\"x_TextRun x_SCXW217635633\" lang=\"ES-ES\"><span class=\"x_NormalTextRun x_SCXW217635633\">el<\/span><\/span><span class=\"x_TextRun x_SCXW217635633\" lang=\"ES-ES\"><span class=\"x_NormalTextRun x_SCXW217635633\">\u00a0premio \u00abOrtega y\u00a0<\/span><\/span><span class=\"x_TextRun x_SCXW217635633\" lang=\"ES-ES\"><span class=\"x_NormalTextRun x_SCXW217635633\">Gasset\u00bb de\u00a0<\/span><\/span><span class=\"x_TextRun x_SCXW217635633\" lang=\"ES-ES\"><span class=\"x_NormalTextRun x_SCXW217635633\">periodi<\/span><\/span><span class=\"x_TextRun x_SCXW217635633\" lang=\"ES-ES\"><span class=\"x_NormalTextRun x_SCXW217635633\">smo<\/span><\/span><span class=\"x_TextRun x_SCXW217635633\" lang=\"ES-ES\"><span class=\"x_NormalTextRun x_SCXW217635633\">\u00a02018 que\u00a0<\/span><\/span><span class=\"x_TextRun x_SCXW217635633\" lang=\"ES-ES\"><span class=\"x_NormalTextRun x_SCXW217635633\">otorga el diario espa\u00f1ol El\u00a0<\/span><\/span><span class=\"x_TextRun x_SCXW217635633\" lang=\"ES-ES\"><span class=\"x_NormalTextRun x_SCXW217635633\">Pa\u00eds, por el trabajo realizado en\u00a0<\/span><\/span><span class=\"x_TextRun x_SCXW217635633\" lang=\"ES-ES\"><span class=\"x_NormalTextRun x_SCXW217635633\">co<\/span><\/span><span class=\"x_TextRun x_SCXW217635633\" lang=\"ES-ES\"><span class=\"x_NormalTextRun x_SCXW217635633\">njunto<\/span><\/span><span class=\"x_TextRun x_SCXW217635633\" lang=\"ES-ES\"><span class=\"x_NormalTextRun x_SCXW217635633\">\u00a0con la organizaci\u00f3n \u00ab<\/span><\/span><span class=\"x_TextRun x_SCXW217635633\" lang=\"ES-ES\"><span class=\"x_NormalTextRun x_SCXW217635633\">Mexicanos<\/span><\/span><span class=\"x_TextRun x_SCXW217635633\" lang=\"ES-ES\"><span class=\"x_NormalTextRun x_SCXW217635633\">\u00a0Contra la Corrupci\u00f3n e Impunidad<\/span><\/span><span class=\"x_TextRun x_SCXW217635633\" lang=\"ES-ES\"><span class=\"x_NormalTextRun x_SCXW217635633\">\u00bb titulado, \u00abLa Estafa Maestra\u00bb y que puso en\u00a0<\/span><\/span><span class=\"x_TextRun x_SCXW217635633\" lang=\"ES-ES\"><span class=\"x_NormalTextRun x_SCXW217635633\">evidencia<\/span><\/span><span class=\"x_TextRun x_SCXW217635633\" lang=\"ES-ES\"><span class=\"x_NormalTextRun x_SCXW217635633\">\u00a0un<\/span><\/span><span class=\"x_TextRun x_SCXW217635633\" lang=\"ES-ES\"><span class=\"x_NormalTextRun x_SCXW217635633\">\u00a0sistema de 128 empresas fantasma a trav\u00e9s del cual el Gobierno Federal desvi\u00f3 3 mil 433 millones de pesos.<\/span><\/span><\/p>\n<p class=\"x_Paragraph x_SCXW217635633\"><span class=\"x_TextRun x_SCXW217635633\" lang=\"ES-ES\"><span class=\"x_NormalTextRun x_SCXW217635633\">\u00a0<\/span><\/span><span class=\"x_TextRun x_SCXW217635633\" lang=\"ES-ES\"><span class=\"x_NormalTextRun x_SCXW217635633\">El jurado destac\u00f3 que la elecci\u00f3n del trabajo obedeci\u00f3 al valor y la profundidad de la investigaci\u00f3n, realizada a lo largo de nueve meses en seis estados diferentes, y que detalla los sofisticados mecanismos de corrupci\u00f3n del pa\u00eds \u00a1Felicidades a todos ellos!\u00a0<\/span><\/span><\/p>\n<p class=\"x_Paragraph x_SCXW217635633\"><span class=\"x_EOP x_SCXW217635633\">\u00a0<\/span><span class=\"x_TextRun x_SCXW217635633\" lang=\"ES-ES\"><span class=\"x_NormalTextRun x_SCXW217635633\">Este trabajo tambi\u00e9n recibi\u00f3 el Premio Nacional de Periodismo 2017. Pese a los\u00a0<\/span><\/span><span class=\"x_TextRun x_SCXW217635633\" lang=\"ES-ES\"><span class=\"x_NormalTextRun x_SCXW217635633\">m\u00faltiples reconocimientos obtenidos, a la fecha en M\u00e9xico NO ha ca\u00eddo nadie por el desv\u00edo de alrededor de 400 millones de d\u00f3lares en perjuicio de los mexicanos y que involucra a altos funcionario de Pemex, Hacienda, Sedesol,\u00a0<\/span><\/span><span class=\"x_TextRun x_SCXW217635633\" lang=\"ES-ES\"><span class=\"x_SpellingError x_SCXW217635633\">Sagarpa<\/span><\/span><span class=\"x_TextRun x_SCXW217635633\" lang=\"ES-ES\"><span class=\"x_NormalTextRun x_SCXW217635633\">,\u00a0<\/span><\/span><span class=\"x_TextRun x_SCXW217635633\" lang=\"ES-ES\"><span class=\"x_NormalTextRun x_SCXW217635633\">entre<\/span><\/span><span class=\"x_TextRun x_SCXW217635633\" lang=\"ES-ES\"><span class=\"x_NormalTextRun x_SCXW217635633\">\u00a0otras.<\/span><\/span><span class=\"x_EOP x_SCXW217635633\">\u00a0<\/span><\/p>\n<p class=\"x_Paragraph x_SCXW217635633\"><span class=\"x_TextRun x_SCXW217635633\" lang=\"ES-ES\"><span class=\"x_NormalTextRun x_SCXW217635633\">E<\/span><\/span><span class=\"x_TextRun x_SCXW217635633\" lang=\"ES-ES\"><span class=\"x_NormalTextRun x_SCXW217635633\">sto ocasion\u00f3 que el equipo de campa\u00f1a del candidato del\u00a0<\/span><\/span><span class=\"x_TextRun x_SCXW217635633\" lang=\"ES-ES\"><span class=\"x_SpellingError x_SCXW217635633\">Pri<\/span><\/span><span class=\"x_TextRun x_SCXW217635633\" lang=\"ES-ES\"><span class=\"x_NormalTextRun x_SCXW217635633\">, Jos\u00e9 Antonio Meade, enviara una misiva en enero del a\u00f1o<\/span><\/span><span class=\"x_TextRun x_SCXW217635633\" lang=\"ES-ES\"><span class=\"x_NormalTextRun x_SCXW217635633\">\u00a0en curso acusando de \u00abinjurias gratuitas<\/span><\/span><span class=\"x_TextRun x_SCXW217635633\" lang=\"ES-ES\"><span class=\"x_NormalTextRun x_SCXW217635633\">\u00bb y<\/span><\/span><span class=\"x_TextRun x_SCXW217635633\" lang=\"ES-ES\"><span class=\"x_NormalTextRun x_SCXW217635633\">\u00a0\u00bb Excesos en la libertad de expresi\u00f3n\u00bb y amagando con iniciar acciones legales en contra del portal informativo. Lamentable.<\/span><\/span><\/p>\n<p class=\"x_Paragraph x_SCXW217635633\"><span class=\"x_EOP x_SCXW217635633\">\u00a0<\/span><span class=\"x_TextRun x_SCXW217635633\" lang=\"ES-ES\"><span class=\"x_NormalTextRun x_SCXW217635633\">Gracias al equipo de \u00abAnimal Pol\u00edtico\u00bb por su labor\u00a0<\/span><\/span><span class=\"x_TextRun x_SCXW217635633\" lang=\"ES-ES\"><span class=\"x_NormalTextRun x_SCXW217635633\">period\u00ed<\/span><\/span><span class=\"x_TextRun x_SCXW217635633\" lang=\"ES-ES\"><span class=\"x_NormalTextRun x_SCXW217635633\">stica<\/span><\/span><span class=\"x_TextRun x_SCXW217635633\" lang=\"ES-ES\"><span class=\"x_NormalTextRun x_SCXW217635633\">, gracias por su profesionalismo y por dejar al descubierto en sus trabajos, la realidad de lo que pasa en el sector p\u00fablico. <\/span><\/span><\/p>\n<p class=\"x_Paragraph x_SCXW217635633\"><span class=\"x_TextRun x_SCXW217635633\" lang=\"ES-ES\"><span class=\"x_NormalTextRun x_SCXW217635633\">A este\u00a0<\/span><\/span><span class=\"x_TextRun x_SCXW217635633\" lang=\"ES-ES\"><span class=\"x_NormalTextRun x_SCXW217635633\">periodismo<\/span><\/span><span class=\"x_TextRun x_SCXW217635633\" lang=\"ES-ES\"><span class=\"x_NormalTextRun x_SCXW217635633\">\u00a0de primer mundo le falta una sociedad a la\u00a0<\/span><\/span><span class=\"x_TextRun x_SCXW217635633\" lang=\"ES-ES\"><span class=\"x_NormalTextRun x_SCXW217635633\">altura<\/span><\/span><span class=\"x_TextRun x_SCXW217635633\" lang=\"ES-ES\"><span class=\"x_NormalTextRun x_SCXW217635633\">, cr\u00edtica\u00a0<\/span><\/span><span class=\"x_TextRun x_SCXW217635633\" lang=\"ES-ES\"><span class=\"x_NormalTextRun x_SCXW217635633\">y\u00a0<\/span><\/span><span class=\"x_TextRun x_SCXW217635633\" lang=\"ES-ES\"><span class=\"x_NormalTextRun x_SCXW217635633\">educada<\/span><\/span><span class=\"x_TextRun x_SCXW217635633\" lang=\"ES-ES\"><span class=\"x_NormalTextRun x_SCXW217635633\">, que nos permita un combate en serio, frontal y efectivo contra la corrupci\u00f3n e impunidad.\u00a0<\/span><\/span><span class=\"x_EOP x_SCXW217635633\">\u00a0<\/span><\/p>\n<p class=\"x_Paragraph x_SCXW217635633\"><span class=\"x_TextRun x_SCXW217635633\" lang=\"ES-ES\"><span class=\"x_NormalTextRun x_SCXW217635633\">P<\/span><\/span><span class=\"x_TextRun x_SCXW217635633\" lang=\"ES-ES\"><span class=\"x_NormalTextRun x_SCXW217635633\">or\u00a0<\/span><\/span><span class=\"x_TextRun x_SCXW217635633\" lang=\"ES-ES\"><span class=\"x_NormalTextRun x_SCXW217635633\">cierto, tambi\u00e9n celebro que<\/span><\/span><span class=\"x_TextRun x_SCXW217635633\" lang=\"ES-ES\"><span class=\"x_NormalTextRun x_SCXW217635633\">\u00a0<\/span><\/span><span class=\"x_TextRun x_SCXW217635633\" lang=\"ES-ES\"><span class=\"x_NormalTextRun x_SCXW217635633\">a<\/span><\/span><span class=\"x_TextRun x_SCXW217635633\" lang=\"ES-ES\"><span class=\"x_NormalTextRun x_SCXW217635633\">l \u00bf<\/span><\/span><span class=\"x_TextRun x_SCXW217635633\" lang=\"ES-ES\"><span class=\"x_NormalTextRun x_SCXW217635633\">periodi<\/span><\/span><span class=\"x_TextRun x_SCXW217635633\" lang=\"ES-ES\"><span class=\"x_NormalTextRun x_SCXW217635633\">sta<\/span><\/span><span class=\"x_TextRun x_SCXW217635633\" lang=\"ES-ES\"><span class=\"x_NormalTextRun x_SCXW217635633\">? Ricardo Alem\u00e1n, ese que criminaliza a la juventud per se y que alienta al odio por \u00aby<\/span><\/span><span class=\"x_TextRun x_SCXW217635633\" lang=\"ES-ES\"><span class=\"x_NormalTextRun x_SCXW217635633\">a<\/span><\/span><span class=\"x_TextRun x_SCXW217635633\" lang=\"ES-ES\"><span class=\"x_NormalTextRun x_SCXW217635633\">\u00a0sabes\u00a0<\/span><\/span><span class=\"x_TextRun x_SCXW217635633\" lang=\"ES-ES\"><span class=\"x_NormalTextRun x_SCXW217635633\">qui\u00e9<\/span><\/span><span class=\"x_TextRun x_SCXW217635633\" lang=\"ES-ES\"><span class=\"x_NormalTextRun x_SCXW217635633\">n<\/span><\/span><span class=\"x_TextRun x_SCXW217635633\" lang=\"ES-ES\"><span class=\"x_NormalTextRun x_SCXW217635633\">\u00bb\u00a0<\/span><\/span><span class=\"x_TextRun x_SCXW217635633\" lang=\"ES-ES\"><span class=\"x_NormalTextRun x_SCXW217635633\">se le<\/span><\/span><span class=\"x_TextRun x_SCXW217635633\" lang=\"ES-ES\"><span class=\"x_NormalTextRun x_SCXW217635633\">\u00a0<\/span><\/span><span class=\"x_TextRun x_SCXW217635633\" lang=\"ES-ES\"><span class=\"x_NormalTextRun x_SCXW217635633\">rescindieron<\/span><\/span><span class=\"x_TextRun x_SCXW217635633\" lang=\"ES-ES\"><span class=\"x_NormalTextRun x_SCXW217635633\">\u00a0<\/span><\/span><span class=\"x_TextRun x_SCXW217635633\" lang=\"ES-ES\"><span class=\"x_NormalTextRun x_SCXW217635633\">los<\/span><\/span><span class=\"x_TextRun x_SCXW217635633\" lang=\"ES-ES\"><span class=\"x_NormalTextRun x_SCXW217635633\">\u00a0<\/span><\/span><span class=\"x_TextRun x_SCXW217635633\" lang=\"ES-ES\"><span class=\"x_NormalTextRun x_SCXW217635633\">contrato<\/span><\/span><span class=\"x_TextRun x_SCXW217635633\" lang=\"ES-ES\"><span class=\"x_NormalTextRun x_SCXW217635633\">s<\/span><\/span><span class=\"x_TextRun x_SCXW217635633\" lang=\"ES-ES\"><span class=\"x_NormalTextRun x_SCXW217635633\">\u00a0por parte de las empresas Televisa y\u00a0<\/span><\/span><span class=\"x_TextRun x_SCXW217635633\" lang=\"ES-ES\"><span class=\"x_NormalTextRun x_SCXW217635633\">Canal 11, y espero que Milenio no tarde en hacer lo mismo, ante la irresponsabilidad, nulo criterio y falta de \u00e9tica en el ejercicio del\u00a0<\/span><\/span><span class=\"x_TextRun x_SCXW217635633\" lang=\"ES-ES\"><span class=\"x_NormalTextRun x_SCXW217635633\">periodismo mostrada durante mucho tiempo.\u00a0<\/span><\/span><span class=\"x_EOP x_SCXW217635633\">\u00a0<\/span><\/p>\n<\/div>\n<h3>Polit\u00f3logo, profesor universitario y miembro del claustro acad\u00e9mico del ITEI<\/h3>\n<h3>@aagsevilla<\/h3>\n","protected":false},"excerpt":{"rendered":"<p>CAVILANDO ANDO\/Alfonso Garc\u00eda Sevilla Iniciamos la semana con la agradable noticia de que el portal de noticias \u00abAnimal Pol\u00edtico\u00bb\u00a0recibi\u00f3\u00a0el\u00a0premio \u00abOrtega y\u00a0Gasset\u00bb de\u00a0periodismo\u00a02018 que\u00a0otorga el diario espa\u00f1ol El\u00a0Pa\u00eds, por el trabajo realizado en\u00a0conjunto\u00a0con la organizaci\u00f3n \u00abMexicanos\u00a0Contra la Corrupci\u00f3n e Impunidad\u00bb titulado, \u00abLa Estafa Maestra\u00bb y que puso en\u00a0evidencia\u00a0un\u00a0sistema de 128 empresas fantasma a trav\u00e9s del cual &hellip; <\/p>\n<p><a class=\"more-link btn\" href=\"https:\/\/lamendigapolitica.com\/?p=53050\">Seguir leyendo<\/a><\/p>\n","protected":false},"author":1,"featured_media":0,"comment_status":"open","ping_status":"closed","sticky":false,"template":"","format":"standard","meta":{"footnotes":""},"categories":[1,6,26,30,28,36,20,31,38,37,5,3,29,27],"tags":[],"class_list":["post-53050","post","type-post","status-publish","format-standard","hentry","category-columnista","category-congreso","category-cultura","category-economia","category-educacion","category-espectaculos","category-gobierno","category-internacional","category-movilidad","category-nacional","category-partidos","category-politica","category-salud","category-seguridad","item-wrap"],"_links":{"self":[{"href":"https:\/\/lamendigapolitica.com\/index.php?rest_route=\/wp\/v2\/posts\/53050","targetHints":{"allow":["GET"]}}],"collection":[{"href":"https:\/\/lamendigapolitica.com\/index.php?rest_route=\/wp\/v2\/posts"}],"about":[{"href":"https:\/\/lamendigapolitica.com\/index.php?rest_route=\/wp\/v2\/types\/post"}],"author":[{"embeddable":true,"href":"https:\/\/lamendigapolitica.com\/index.php?rest_route=\/wp\/v2\/users\/1"}],"replies":[{"embeddable":true,"href":"https:\/\/lamendigapolitica.com\/index.php?rest_route=%2Fwp%2Fv2%2Fcomments&post=53050"}],"version-history":[{"count":1,"href":"https:\/\/lamendigapolitica.com\/index.php?rest_route=\/wp\/v2\/posts\/53050\/revisions"}],"predecessor-version":[{"id":53052,"href":"https:\/\/lamendigapolitica.com\/index.php?rest_route=\/wp\/v2\/posts\/53050\/revisions\/53052"}],"wp:attachment":[{"href":"https:\/\/lamendigapolitica.com\/index.php?rest_route=%2Fwp%2Fv2%2Fmedia&parent=53050"}],"wp:term":[{"taxonomy":"category","embeddable":true,"href":"https:\/\/lamendigapolitica.com\/index.php?rest_route=%2Fwp%2Fv2%2Fcategories&post=53050"},{"taxonomy":"post_tag","embeddable":true,"href":"https:\/\/lamendigapolitica.com\/index.php?rest_route=%2Fwp%2Fv2%2Ftags&post=53050"}],"curies":[{"name":"wp","href":"https:\/\/api.w.org\/{rel}","templated":true}]}}