{"id":53041,"date":"2018-05-06T13:16:29","date_gmt":"2018-05-06T18:16:29","guid":{"rendered":"http:\/\/lamendigapolitica.com\/blog\/?p=53041"},"modified":"2018-05-06T13:16:29","modified_gmt":"2018-05-06T18:16:29","slug":"huir-del-lugar-equivocado","status":"publish","type":"post","link":"https:\/\/lamendigapolitica.com\/?p=53041","title":{"rendered":"Huir del lugar equivocado"},"content":{"rendered":"<p><a href=\"https:\/\/lamendigapolitica.com\/blog\/blog\/wp-content\/uploads\/2018\/05\/Avatar-Lalo.jpg\" rel=\"attachment wp-att-53042\"><img loading=\"lazy\" decoding=\"async\" class=\"alignleft size-thumbnail wp-image-53042\" src=\"https:\/\/lamendigapolitica.com\/blog\/blog\/wp-content\/uploads\/2018\/05\/Avatar-Lalo-150x150.jpg\" alt=\"Avatar-Lalo\" width=\"150\" height=\"150\" \/><\/a><\/p>\n<h2><span style=\"color: #999999;\">DIVISADERO\/Eduardo Gonz\u00e1lez<\/span><\/h2>\n<p>Esta semana la Comisi\u00f3n Mexicana de Defensa y Promoci\u00f3n de los Derechos Humanos (Cmdpdm) present\u00f3 su informe <em>Episodios de desplazamiento interno forzado masivo en M\u00e9xico 2017<\/em> (<em>La Jornada<\/em>, 3 de mayo de 2018).<\/p>\n<p>En el texto queda evidenciado la creciente y desesperada estrategia de supervivencia llevada a cabo por miles de mexicanos: huir de su lugar de residencia. Huir del \u201clugar equivocado\u201d. Huir y dejar atr\u00e1s su historia.<\/p>\n<p>En tanto la violencia y la inseguridad no parecen tener fin, la poblaci\u00f3n vive en desbandada con la incertidumbre como futuro.<\/p>\n<p>En a\u00f1o pasado, en M\u00e9xico 20 mil 390 personas fueron v\u00edctimas de desplazamiento forzado interno, el principal motor de ello fue la violencia e inseguridad en el pa\u00eds, con ese n\u00famero de desplazados, la poblaci\u00f3n en esa condici\u00f3n lleg\u00f3 al menos a 329 mil 917 desde 2006 que inici\u00f3 el sexenio de Felipe Calder\u00f3n y su fallida guerra contra el crimen organizado.<\/p>\n<p>Nadie de los desplazados decidi\u00f3 hacerlo, al contrario, experimentaron la obligatoriedad de escapar para salvar sus vidas. Por otro lado, del total de desplazados en 2017, 12 mil 323 fueron ind\u00edgenas, cuyas tierras han sido copadas por los <em>c\u00e1rteles<\/em> de la droga, as\u00ed como la mano de obra de los pueblos originarios es contratada, muchas de las veces de manera forzada, para trabajar en la producci\u00f3n y comercializaci\u00f3n de las drogas.<\/p>\n<p>La violencia o el miedo experimentados por los desplazados tiene varias caras, no se trata \u00fanicamente de asuntos relacionados con el crimen organizado que oblig\u00f3 a 11 mil 232 personas a escapar de sus comunidades; tambi\u00e9n la violencia pol\u00edtica, la conflictividad social y las disputas territoriales expulsaron de sus hogares a 8 mil 928 mexicanos; mientras 230 fueron corridos debido a proyectos extractivos mineros donde el gobierno federal ha puesto en bandeja de plata las condiciones necesarias para que las empresas mineras extranjeras exploten sin regulaci\u00f3n alguna los yacimientos mexicanos; sin importar tampoco los da\u00f1os causados a los ecosistemas y las precarias condiciones de trabajo que ofrecen a los mineros.<\/p>\n<p>Finalmente, la materializaci\u00f3n de las agresiones muestra un amplio repertorio seg\u00fan el documento en cuesti\u00f3n, a saber: el uso de armas o presencia de sujetos armados; amenazas e intimidaci\u00f3n, y la quema, destrucci\u00f3n o ataque con armas de fuego a casas, cultivos, negocios o veh\u00edculos.<\/p>\n<p>As\u00ed las cosas, la desbandada de mexicanos desde sus terru\u00f1os ya no es solo un asunto de desempleo, se trata de niveles alt\u00edsimos de violencia estructural que contin\u00faan precarizando la vida de todos en la Rep\u00fablica mexicana.<\/p>\n<h3>Profesor investigador del TEC de Monterrey<\/h3>\n<h3>@contodoytriques<\/h3>\n","protected":false},"excerpt":{"rendered":"<p>DIVISADERO\/Eduardo Gonz\u00e1lez Esta semana la Comisi\u00f3n Mexicana de Defensa y Promoci\u00f3n de los Derechos Humanos (Cmdpdm) present\u00f3 su informe Episodios de desplazamiento interno forzado masivo en M\u00e9xico 2017 (La Jornada, 3 de mayo de 2018). En el texto queda evidenciado la creciente y desesperada estrategia de supervivencia llevada a cabo por miles de mexicanos: huir &hellip; <\/p>\n<p><a class=\"more-link btn\" href=\"https:\/\/lamendigapolitica.com\/?p=53041\">Seguir leyendo<\/a><\/p>\n","protected":false},"author":1,"featured_media":0,"comment_status":"open","ping_status":"closed","sticky":false,"template":"","format":"standard","meta":{"footnotes":""},"categories":[42,1,6,26,30,28,36,20,31,38,5,3,29,27],"tags":[],"class_list":["post-53041","post","type-post","status-publish","format-standard","hentry","category-clima","category-columnista","category-congreso","category-cultura","category-economia","category-educacion","category-espectaculos","category-gobierno","category-internacional","category-movilidad","category-partidos","category-politica","category-salud","category-seguridad","item-wrap"],"_links":{"self":[{"href":"https:\/\/lamendigapolitica.com\/index.php?rest_route=\/wp\/v2\/posts\/53041","targetHints":{"allow":["GET"]}}],"collection":[{"href":"https:\/\/lamendigapolitica.com\/index.php?rest_route=\/wp\/v2\/posts"}],"about":[{"href":"https:\/\/lamendigapolitica.com\/index.php?rest_route=\/wp\/v2\/types\/post"}],"author":[{"embeddable":true,"href":"https:\/\/lamendigapolitica.com\/index.php?rest_route=\/wp\/v2\/users\/1"}],"replies":[{"embeddable":true,"href":"https:\/\/lamendigapolitica.com\/index.php?rest_route=%2Fwp%2Fv2%2Fcomments&post=53041"}],"version-history":[{"count":1,"href":"https:\/\/lamendigapolitica.com\/index.php?rest_route=\/wp\/v2\/posts\/53041\/revisions"}],"predecessor-version":[{"id":53043,"href":"https:\/\/lamendigapolitica.com\/index.php?rest_route=\/wp\/v2\/posts\/53041\/revisions\/53043"}],"wp:attachment":[{"href":"https:\/\/lamendigapolitica.com\/index.php?rest_route=%2Fwp%2Fv2%2Fmedia&parent=53041"}],"wp:term":[{"taxonomy":"category","embeddable":true,"href":"https:\/\/lamendigapolitica.com\/index.php?rest_route=%2Fwp%2Fv2%2Fcategories&post=53041"},{"taxonomy":"post_tag","embeddable":true,"href":"https:\/\/lamendigapolitica.com\/index.php?rest_route=%2Fwp%2Fv2%2Ftags&post=53041"}],"curies":[{"name":"wp","href":"https:\/\/api.w.org\/{rel}","templated":true}]}}