{"id":53036,"date":"2018-05-06T13:10:30","date_gmt":"2018-05-06T18:10:30","guid":{"rendered":"http:\/\/lamendigapolitica.com\/blog\/?p=53036"},"modified":"2018-05-06T13:10:30","modified_gmt":"2018-05-06T18:10:30","slug":"ocasiona-molestias-develacion-de-estatua-de-carlos-marx","status":"publish","type":"post","link":"https:\/\/lamendigapolitica.com\/?p=53036","title":{"rendered":"Ocasiona molestias develaci\u00f3n de estatua de Carlos Marx"},"content":{"rendered":"<p><a href=\"https:\/\/lamendigapolitica.com\/blog\/blog\/wp-content\/uploads\/2018\/05\/800.jpeg\" rel=\"attachment wp-att-53039\"><img loading=\"lazy\" decoding=\"async\" class=\"aligncenter size-full wp-image-53039\" src=\"https:\/\/lamendigapolitica.com\/blog\/blog\/wp-content\/uploads\/2018\/05\/800.jpeg\" alt=\"800\" width=\"800\" height=\"599\" srcset=\"https:\/\/lamendigapolitica.com\/wp-content\/uploads\/2018\/05\/800.jpeg 800w, https:\/\/lamendigapolitica.com\/wp-content\/uploads\/2018\/05\/800-300x225.jpeg 300w, https:\/\/lamendigapolitica.com\/wp-content\/uploads\/2018\/05\/800-768x575.jpeg 768w\" sizes=\"auto, (max-width: 800px) 100vw, 800px\" \/><\/a><\/p>\n<p>AP.-Una gran estatua del fil\u00f3sofo Carlos Marx fue develada el s\u00e1bado en su ciudad natal de Tr\u00e9veris, en el oeste de Alemania, al cumplirse el bicentenario de su nacimiento.<\/p>\n<p>La develaci\u00f3n de la gran escultura de bronce de 4,4 metros, donada por China, provoc\u00f3 cr\u00edticas de algunos que atribuyen a Marx los cr\u00edmenes cometidos por socialistas revolucionarios en Rusia, China y otros pa\u00edses en nombre del comunismo.<\/p>\n<p>Unos 200 invitados, entre ellos una delegaci\u00f3n china, aplaudieron al alzarse la tela color rojo brillante que cubr\u00eda la estatua en la que aparece Marx de pie, con su conocida barba tupida.<\/p>\n<p>Marx sent\u00f3 las bases te\u00f3ricas del comunismo, una ideolog\u00eda seg\u00fan la cual el proceso hist\u00f3rico conduce a la abolici\u00f3n de la propiedad privada de los medios de producci\u00f3n y la desaparici\u00f3n de las clases sociales. Las dos obras m\u00e1s conocidas en las que expone sus pensamientos son el Manifiesto Comunista y El Capital.<\/p>\n<p>La ceremonia y los discursos en Tr\u00e9veris fueron interrumpidos en ocasiones por gritos y abucheos de manifestantes.<\/p>\n<p>\u201cEl obsequio de China es un pilar y un puente para nuestra sociedad\u201d, dijo Malu Dreyer, gobernadora del estado de Renania-Palatinado.<\/p>\n<p>Un grupo alem\u00e1n que representa las v\u00edctimas del comunismo critic\u00f3 los festejos, se\u00f1alando que no ha habido un debate sobre el apoyo de Marx a la violencia para abolir las clases sociales.<\/p>\n<p>\u201cDecimos que s\u00ed a un debate sobre Marx, pero no a su adoraci\u00f3n\u201d, dijo el dirigente del grupo, Dieter Grombowski, en un comunicado.<\/p>\n<p>Cuando Alemania fue dividida al final de la Segunda Guerra Mundial, el sector oriental tuvo un r\u00e9gimen comunista desde 1949 hasta la reunificaci\u00f3n en 1990. Algunos alemanes del este dicen que no han superado los efectos a largo plazo de la represi\u00f3n del r\u00e9gimen.<\/p>\n<p>Carlos Marx naci\u00f3 en Tr\u00e9veris el 5 de mayo de 1818 y vivi\u00f3 all\u00ed hasta sus 17 a\u00f1os. Muri\u00f3 en el exilio en Londres en 1883.<\/p>\n","protected":false},"excerpt":{"rendered":"<p>AP.-Una gran estatua del fil\u00f3sofo Carlos Marx fue develada el s\u00e1bado en su ciudad natal de Tr\u00e9veris, en el oeste de Alemania, al cumplirse el bicentenario de su nacimiento. La develaci\u00f3n de la gran escultura de bronce de 4,4 metros, donada por China, provoc\u00f3 cr\u00edticas de algunos que atribuyen a Marx los cr\u00edmenes cometidos por &hellip; <\/p>\n<p><a class=\"more-link btn\" href=\"https:\/\/lamendigapolitica.com\/?p=53036\">Seguir leyendo<\/a><\/p>\n","protected":false},"author":1,"featured_media":0,"comment_status":"open","ping_status":"closed","sticky":false,"template":"","format":"standard","meta":{"footnotes":""},"categories":[6,26,28,36,20,31,38,37,5,3,21,27,24],"tags":[],"class_list":["post-53036","post","type-post","status-publish","format-standard","hentry","category-congreso","category-cultura","category-educacion","category-espectaculos","category-gobierno","category-internacional","category-movilidad","category-nacional","category-partidos","category-politica","category-religion","category-seguridad","category-turismo","item-wrap"],"_links":{"self":[{"href":"https:\/\/lamendigapolitica.com\/index.php?rest_route=\/wp\/v2\/posts\/53036","targetHints":{"allow":["GET"]}}],"collection":[{"href":"https:\/\/lamendigapolitica.com\/index.php?rest_route=\/wp\/v2\/posts"}],"about":[{"href":"https:\/\/lamendigapolitica.com\/index.php?rest_route=\/wp\/v2\/types\/post"}],"author":[{"embeddable":true,"href":"https:\/\/lamendigapolitica.com\/index.php?rest_route=\/wp\/v2\/users\/1"}],"replies":[{"embeddable":true,"href":"https:\/\/lamendigapolitica.com\/index.php?rest_route=%2Fwp%2Fv2%2Fcomments&post=53036"}],"version-history":[{"count":2,"href":"https:\/\/lamendigapolitica.com\/index.php?rest_route=\/wp\/v2\/posts\/53036\/revisions"}],"predecessor-version":[{"id":53040,"href":"https:\/\/lamendigapolitica.com\/index.php?rest_route=\/wp\/v2\/posts\/53036\/revisions\/53040"}],"wp:attachment":[{"href":"https:\/\/lamendigapolitica.com\/index.php?rest_route=%2Fwp%2Fv2%2Fmedia&parent=53036"}],"wp:term":[{"taxonomy":"category","embeddable":true,"href":"https:\/\/lamendigapolitica.com\/index.php?rest_route=%2Fwp%2Fv2%2Fcategories&post=53036"},{"taxonomy":"post_tag","embeddable":true,"href":"https:\/\/lamendigapolitica.com\/index.php?rest_route=%2Fwp%2Fv2%2Ftags&post=53036"}],"curies":[{"name":"wp","href":"https:\/\/api.w.org\/{rel}","templated":true}]}}