{"id":53033,"date":"2018-05-04T22:41:09","date_gmt":"2018-05-05T03:41:09","guid":{"rendered":"http:\/\/lamendigapolitica.com\/blog\/?p=53033"},"modified":"2018-05-04T22:41:09","modified_gmt":"2018-05-05T03:41:09","slug":"el-movimiento-del-68-en-una-muestra-fotografica-en-roma","status":"publish","type":"post","link":"https:\/\/lamendigapolitica.com\/?p=53033","title":{"rendered":"El Movimiento del 68 en una muestra fotogr\u00e1fica en Roma"},"content":{"rendered":"<p><a href=\"https:\/\/lamendigapolitica.com\/blog\/blog\/wp-content\/uploads\/2018\/05\/Screenshot_15.jpg\" rel=\"attachment wp-att-53034\"><img loading=\"lazy\" decoding=\"async\" class=\"aligncenter size-full wp-image-53034\" src=\"https:\/\/lamendigapolitica.com\/blog\/blog\/wp-content\/uploads\/2018\/05\/Screenshot_15.jpg\" alt=\"Screenshot_15\" width=\"876\" height=\"658\" srcset=\"https:\/\/lamendigapolitica.com\/wp-content\/uploads\/2018\/05\/Screenshot_15.jpg 876w, https:\/\/lamendigapolitica.com\/wp-content\/uploads\/2018\/05\/Screenshot_15-300x225.jpg 300w, https:\/\/lamendigapolitica.com\/wp-content\/uploads\/2018\/05\/Screenshot_15-768x577.jpg 768w\" sizes=\"auto, (max-width: 876px) 100vw, 876px\" \/><\/a><\/p>\n<p>Notimex.-La muestra fotogr\u00e1fica \u00abDreamers. 1968\u00bb fue inaugurada hoy aqu\u00ed a 50 a\u00f1os del \u201cMayo franc\u00e9s\u201d o \u201cMayo del 68\u201d, como se conocieron las protestas estudiantiles iniciadas en Francia y que se extendieron por varios pa\u00edses.<\/p>\n<p>La exposici\u00f3n, organizada por la agencia de noticias italiana Agi y que documenta ese momento de la historia de Occidente, incluye 178 fotograf\u00edas, 60 de ellas in\u00e9ditas, tres horas de filmaciones, as\u00ed como portadas de peri\u00f3dicos y revistas de la \u00e9poca.<\/p>\n<p>\u201cEsta muestra naci\u00f3 casi por casualidad. En 1968, Agi era una agencia fotogr\u00e1fica y entonces ten\u00edamos material en el archivo que imprimimos, nos emocion\u00f3 y decidimos organizarla\u201d, explic\u00f3 a Notimex Riccardo Luna, director de la agencia italiana y curador de la exposici\u00f3n.<\/p>\n<p>La exhibici\u00f3n fue enriquecida con material de agencias internacionales, pues seg\u00fan Luna \u201cera imposible contar un a\u00f1o como el 68 solamente con nuestro material\u201d.<\/p>\n<p>\u201cPedimos a todas las grandes agencias del mundo y a fot\u00f3grafos independientes de la \u00e9poca una ayuda para organizar en muy poco tiempo la muestra\u201d, dijo.<\/p>\n<p>El curador reconoci\u00f3 que no se trata de una exhibici\u00f3n exhaustiva pues, por ejemplo, no hay ninguna fotograf\u00eda del movimiento estudiantil en M\u00e9xico, aunque s\u00ed se incluyen varias im\u00e1genes de los Juegos Ol\u00edmpicos celebrados ese a\u00f1o en aquel pa\u00eds.<\/p>\n<p>\u201cEse fue un a\u00f1o en el que, por primera vez, qued\u00f3 claro que cuando ocurr\u00eda algo en alguna parte del mundo, los j\u00f3venes lo sent\u00edan como propio, como algo cercano, como una injusticia que los indignaba\u201d, agreg\u00f3.<\/p>\n<p>Como record\u00f3 el escritor estadunidense Paul Auster, el 68 fue \u201cel a\u00f1o de todos los a\u00f1os\u201d, el \u201ca\u00f1o de la locura, un a\u00f1o de fuegos, sangre y muerte\u201d.<\/p>\n<p>En 1968, Estados Unidos ten\u00eda 500 mil soldados desplegados en Vietnam, las ciudades estadunidenses ard\u00edan por las revueltas raciales, fue el a\u00f1o del asesinato de Martin Luther King y de Robert Kennedy, pero tambi\u00e9n el a\u00f1o en que fue sofocada la Primavera de Praga y el de la matanza de Tlatelolco, en M\u00e9xico.<\/p>\n<p>\u201cLa idea era contar ese a\u00f1o con las fotograf\u00edas, los videos y el audio\u201d, explic\u00f3 Luna. La mayor parte del material, sin embargo, se refiere al 68 en Italia, donde el movimiento estudiantil, a diferencia de Francia, se prolong\u00f3 por una d\u00e9cada y desemboc\u00f3 en los llamados \u201ca\u00f1os de plomo\u201d de la insurrecci\u00f2n armada y del terrorismo de ultraizquierda y ultraderecha.<\/p>\n<p>\u201cEn ese entonces Italia era un pa\u00eds muy contradictorio, 10 a\u00f1os antes del 68 hab\u00eda nacido el fen\u00f3meno de la Dolce Vita, un momento muy l\u00fadico y despreocupado. Fue un a\u00f1o en el que convivieron las protestas estudiantiles y la Dolce Vita, pero tambi\u00e9n la pobreza en partes del pa\u00eds todav\u00eda atrasadas y sin haberse recuperado de la guerra\u201d, indic\u00f3.<\/p>\n<p>Se trata, dijo Luna, de un viaje a trav\u00e9s del tiempo con im\u00e1genes rastreadas en 19 archivos en Italia y el extranjero, adem\u00e1s de 15 filmes originales, 40 primeras planas de diarios y revistas y objetos, como una m\u00e1quina de escribir o la copa original ganada por la selecci\u00f3n italiana en el campeonato europeo.<\/p>\n<p>La exposici\u00f3n, que permanecer\u00e1 abierta al p\u00fablico hasta el 2 de septiembre pr\u00f3ximo en el Museo de Roma in Trastevere de la capital italiana, es relatada tambi\u00e9n a trav\u00e9s de la cr\u00f3nica, los usos y costumbres, la m\u00fasica y las tradiciones en varias secciones tem\u00e1ticas.<\/p>\n<p>\u201cNo es una muestra sobre el pasado, sino sobre el futuro que so\u00f1aba la \u00faltima generaci\u00f3n que no tuvo miedo de cambiar todo\u201d, asever\u00f3 Luna.<\/p>\n","protected":false},"excerpt":{"rendered":"<p>Notimex.-La muestra fotogr\u00e1fica \u00abDreamers. 1968\u00bb fue inaugurada hoy aqu\u00ed a 50 a\u00f1os del \u201cMayo franc\u00e9s\u201d o \u201cMayo del 68\u201d, como se conocieron las protestas estudiantiles iniciadas en Francia y que se extendieron por varios pa\u00edses. La exposici\u00f3n, organizada por la agencia de noticias italiana Agi y que documenta ese momento de la historia de Occidente, &hellip; <\/p>\n<p><a class=\"more-link btn\" href=\"https:\/\/lamendigapolitica.com\/?p=53033\">Seguir leyendo<\/a><\/p>\n","protected":false},"author":1,"featured_media":0,"comment_status":"open","ping_status":"closed","sticky":false,"template":"","format":"standard","meta":{"footnotes":""},"categories":[6,26,30,28,36,20,31,5,3,21,29,27,22,24],"tags":[],"class_list":["post-53033","post","type-post","status-publish","format-standard","hentry","category-congreso","category-cultura","category-economia","category-educacion","category-espectaculos","category-gobierno","category-internacional","category-partidos","category-politica","category-religion","category-salud","category-seguridad","category-sociales","category-turismo","item-wrap"],"_links":{"self":[{"href":"https:\/\/lamendigapolitica.com\/index.php?rest_route=\/wp\/v2\/posts\/53033","targetHints":{"allow":["GET"]}}],"collection":[{"href":"https:\/\/lamendigapolitica.com\/index.php?rest_route=\/wp\/v2\/posts"}],"about":[{"href":"https:\/\/lamendigapolitica.com\/index.php?rest_route=\/wp\/v2\/types\/post"}],"author":[{"embeddable":true,"href":"https:\/\/lamendigapolitica.com\/index.php?rest_route=\/wp\/v2\/users\/1"}],"replies":[{"embeddable":true,"href":"https:\/\/lamendigapolitica.com\/index.php?rest_route=%2Fwp%2Fv2%2Fcomments&post=53033"}],"version-history":[{"count":1,"href":"https:\/\/lamendigapolitica.com\/index.php?rest_route=\/wp\/v2\/posts\/53033\/revisions"}],"predecessor-version":[{"id":53035,"href":"https:\/\/lamendigapolitica.com\/index.php?rest_route=\/wp\/v2\/posts\/53033\/revisions\/53035"}],"wp:attachment":[{"href":"https:\/\/lamendigapolitica.com\/index.php?rest_route=%2Fwp%2Fv2%2Fmedia&parent=53033"}],"wp:term":[{"taxonomy":"category","embeddable":true,"href":"https:\/\/lamendigapolitica.com\/index.php?rest_route=%2Fwp%2Fv2%2Fcategories&post=53033"},{"taxonomy":"post_tag","embeddable":true,"href":"https:\/\/lamendigapolitica.com\/index.php?rest_route=%2Fwp%2Fv2%2Ftags&post=53033"}],"curies":[{"name":"wp","href":"https:\/\/api.w.org\/{rel}","templated":true}]}}