{"id":53024,"date":"2018-05-04T21:31:14","date_gmt":"2018-05-05T02:31:14","guid":{"rendered":"http:\/\/lamendigapolitica.com\/blog\/?p=53024"},"modified":"2018-05-04T21:46:09","modified_gmt":"2018-05-05T02:46:09","slug":"hondurenos-en-florida-lamentan-que-gobierno-de-trump-cancele-el-tps","status":"publish","type":"post","link":"https:\/\/lamendigapolitica.com\/?p=53024","title":{"rendered":"Hondure\u00f1os en Florida lamentan que gobierno de Trump cancele el TPS"},"content":{"rendered":"<p><a href=\"https:\/\/lamendigapolitica.com\/blog\/blog\/wp-content\/uploads\/2018\/05\/Screenshot_10.jpg\" rel=\"attachment wp-att-53025\"><img loading=\"lazy\" decoding=\"async\" class=\"aligncenter size-full wp-image-53025\" src=\"https:\/\/lamendigapolitica.com\/blog\/blog\/wp-content\/uploads\/2018\/05\/Screenshot_10.jpg\" alt=\"Screenshot_10\" width=\"556\" height=\"426\" \/><\/a><\/p>\n<p>AP.-El gobierno del presidente Donald Trump anunci\u00f3 el viernes que cancelar\u00e1 la protecci\u00f3n migratoria temporal concedida a unos 57.000 hondure\u00f1os que han vivido en Estados Unidos desde que un devastador hurac\u00e1n arras\u00f3 su pa\u00eds hace dos d\u00e9cadas.<\/p>\n<p>La decisi\u00f3n del Departamento de Seguridad Nacional, la cual ya se preve\u00eda, le da a los hondure\u00f1os amparados por el Estatus de Protecci\u00f3n Temporal (conocido por sus siglas en ingl\u00e9s TPS) un a\u00f1o y medio para salir de Estados Unidos o tramitar su residencia legal.<\/p>\n<p>Otras 428.000 personas de diversos pa\u00edses podr\u00edan enfrentar el mismo destino, ya que sus TPS tambi\u00e9n expiran este a\u00f1o y es previsible que no sean renovados.<\/p>\n<p>La protecci\u00f3n para los hondure\u00f1os concluir\u00e1 el 5 de enero de 2020, dijo Kirstjen Nielsen, secretaria de Seguridad Nacional.<\/p>\n<p>Trump _ que trata de contener la inmigraci\u00f3n ilegal y ha estado aplicando medidas en\u00e9rgicas en ese sentido_ y sus partidarios han hecho notar que las protecciones nunca fueron permanentes.<\/p>\n<p>Los activistas pro inmigrantes lamentaron la medida y argumentaron que poner fin al TPS har\u00e1 que la gente que lleva a\u00f1os o d\u00e9cadas echando ra\u00edces en Estados Unidos, e incluso tiene hijos nacidos en este pa\u00eds, viva en las sombras.<\/p>\n<p>El TPS fue concedido a los hondure\u00f1os que huyeron de la naci\u00f3n centroamericana por la devastaci\u00f3n causada en 1998 por el hurac\u00e1n Mitch. El fen\u00f3meno dej\u00f3 m\u00e1s de 18.000 muertos y destruy\u00f3 70% del territorio nacional.<\/p>\n<p>El gobierno de Honduras lament\u00f3 la decisi\u00f3n de Washington. La canciller\u00eda emiti\u00f3 un comunicado en el que reconoci\u00f3 que \u201cesta es una decisi\u00f3n soberana de Estados Unidos\u201d pero \u201cla lamentamos profundamente\u201d.<\/p>\n<p>Se\u00f1al\u00f3 adem\u00e1s que los hondure\u00f1os \u201cson y ser\u00e1n siempre bienvenidos en su patria \u201d y que se les \u201cfacilitar\u00e1 su reinserci\u00f3n integral a nuestra sociedad\u201d.<\/p>\n<p>\u201cEs una tragedia que crea incertidumbre para much\u00edsimas familias\u201d, asegur\u00f3 Hugo No\u00e9 Pino, expresidente del Banco Central y exembajador de Honduras en Washington.<\/p>\n<p>Indic\u00f3 que \u201cesos hondure\u00f1os pasar\u00e1n a la ilegalidad, no retornar\u00e1n\u201d, y que \u201cel gobierno del presidente Donald Trump no tiene la capacidad de controlar a tantos inmigrantes\u201d.<\/p>\n<p>El gobierno estadounidense argumenta que las condiciones de vida en Honduras han mejorado, mientras que los activistas dicen que el pa\u00eds centroamericano no se ha recuperado completamente de los estragos del hurac\u00e1n y ahora padece una violencia rampante.<\/p>\n<p>Trump, alegan sus cr\u00edticos, est\u00e1 a\u00f1adiendo decenas, si no es que cientos de miles a la cifra de personas que carecen de estatus legal en Estados Unidos.<\/p>\n<p>Marta Connor, una organizadora sindical de 50 a\u00f1os en el sur de California que lleva d\u00e9cadas viviendo en Estados Unidos y tiene tres hijos nacidos en el pa\u00eds, dijo antes del anuncio que no se ir\u00e1, sin importar cu\u00e1les sean las pol\u00edticas del gobierno.<\/p>\n<p>\u201cAlgo que puedo decir es que no me voy a ir a Honduras\u201d, afirm\u00f3, e hizo notar que muchos de los migrantes que solicitan asilo y que viajaban en una caravana que recientemente lleg\u00f3 a la frontera con M\u00e9xico provienen de Honduras. \u201cSi ellos est\u00e1n viniendo para ac\u00e1, \u00bfpara qu\u00e9 voy a ir all\u00e1?\u201d<\/p>\n<p>\u201cNo regresar\u00e9 por ning\u00fan motivo\u201d, afirm\u00f3.<\/p>\n<p>Unos 437.000 inmigrantes provenientes de 10 pa\u00edses han estado bajo el estatus de protecci\u00f3n temporal, una categor\u00eda creada en 1990 para permitir que personas de pa\u00edses afectados por desastres naturales como terremotos, u otros de creaci\u00f3n humana como la guerra, puedan tener un lugar seguro por un plazo breve. S\u00f3lo algunos miles a\u00fan tienen ese estatus.<\/p>\n<p>En general, los que tienen el TPS han podido trabajar y, con permiso, viajar fuera de Estados Unidos y regresar.<\/p>\n<p>Se a\u00f1aden pa\u00edses a la lista seg\u00fan las circunstancias, y normalmente las renovaciones de los permisos se efect\u00faan cada 18 meses. Aunque algunos pa\u00edses han sido retirados de la lista, otros han permanecido en ella por periodos extendidos, lo que seg\u00fan los cr\u00edticos convierte al programa en una amnist\u00eda por default.<\/p>\n<p>Durante el gobierno de Trump, el Departamento de Seguridad Nacional ha cancelado dicho estatus para Sud\u00e1n, Nicaragua, Nepal, Hait\u00ed y El Salvador, que ten\u00eda m\u00e1s personas con TPS que cualquier otro pa\u00eds.<\/p>\n<p>Se les ha informado de los plazos que tienen para irse o para obtener el estatus legal de ser posible. Empezar\u00e1n en noviembre con los ciudadanos de Sud\u00e1n y durante el 2019 para otros pa\u00edses. Varios grupos interpusieron demandas para quedarse en Estados Unidos.<\/p>\n<p>En tanto, Francisco Portillo, dirigente de organizaciones de hondure\u00f1os en Florida, expres\u00f3 a periodistas que \u201cseguiremos trabajando en diferentes escenarios para legalizar en forma definitiva a los compatriotas\u201d. Inform\u00f3 que grupos de hondure\u00f1os radicados en territorio estadounidense har\u00e1n cabildeos intensos ante el Senado y el Congreso en Washington.<\/p>\n<p>En Estados Unidos hay m\u00e1s de 1,1 mill\u00f3n de hondure\u00f1os, de los cuales al menos el 10% env\u00eda m\u00e1s de 4.200 millones de d\u00f3lares anuales en remesas a sus familias. Esta cifra representa casi la cuarta parte del producto interno bruto de Honduras, de 26.000 millones de d\u00f3lares al a\u00f1o.<\/p>\n<p>Daniel Sharp, director de asuntos legales en el Centro de Recursos para Centroamericanos en Los \u00c1ngeles, dijo no creer que la mayor\u00eda de los inmigrantes con TPS se vayan del pa\u00eds, ya que han echado ra\u00edces y tenido hijos en Estados Unidos, adem\u00e1s de contar con empleo y vivienda.<\/p>\n<p>\u201cLa gente no quiere volver a ser indocumentada, pero no creo que veamos a una tonelada de personas volver a sus pa\u00edses de origen\u201d, afirm\u00f3.<\/p>\n<p>El Salvador ha recibido la protecci\u00f3n en dos ocasiones, la primera de ellas a principio de la d\u00e9cada de 1990 hasta diciembre de 1994. Se cree que unas 150.000 personas estuvieron cubiertas por ella.<\/p>\n<p>Cecilia Menjivar, profesora de sociolog\u00eda en la Universidad de Kansas, dijo que, aunque se desconocen las cifras exactas, es evidente que muchos se quedaron en Estados Unidos cuando el programa concluy\u00f3. Algunos obtuvieron la residencia permanente a trav\u00e9s del apoyo familiar, pero la ley migratoria ha cambiado desde entonces y \u201chay menos opciones para obtener la legalizaci\u00f3n\u201d, se\u00f1al\u00f3.<\/p>\n","protected":false},"excerpt":{"rendered":"<p>AP.-El gobierno del presidente Donald Trump anunci\u00f3 el viernes que cancelar\u00e1 la protecci\u00f3n migratoria temporal concedida a unos 57.000 hondure\u00f1os que han vivido en Estados Unidos desde que un devastador hurac\u00e1n arras\u00f3 su pa\u00eds hace dos d\u00e9cadas. La decisi\u00f3n del Departamento de Seguridad Nacional, la cual ya se preve\u00eda, le da a los hondure\u00f1os amparados &hellip; <\/p>\n<p><a class=\"more-link btn\" href=\"https:\/\/lamendigapolitica.com\/?p=53024\">Seguir leyendo<\/a><\/p>\n","protected":false},"author":1,"featured_media":0,"comment_status":"open","ping_status":"closed","sticky":false,"template":"","format":"standard","meta":{"footnotes":""},"categories":[42,6,26,30,28,36,20,31,38,3,21,29,27,22,41,24],"tags":[],"class_list":["post-53024","post","type-post","status-publish","format-standard","hentry","category-clima","category-congreso","category-cultura","category-economia","category-educacion","category-espectaculos","category-gobierno","category-internacional","category-movilidad","category-politica","category-religion","category-salud","category-seguridad","category-sociales","category-tecnologia","category-turismo","item-wrap"],"_links":{"self":[{"href":"https:\/\/lamendigapolitica.com\/index.php?rest_route=\/wp\/v2\/posts\/53024","targetHints":{"allow":["GET"]}}],"collection":[{"href":"https:\/\/lamendigapolitica.com\/index.php?rest_route=\/wp\/v2\/posts"}],"about":[{"href":"https:\/\/lamendigapolitica.com\/index.php?rest_route=\/wp\/v2\/types\/post"}],"author":[{"embeddable":true,"href":"https:\/\/lamendigapolitica.com\/index.php?rest_route=\/wp\/v2\/users\/1"}],"replies":[{"embeddable":true,"href":"https:\/\/lamendigapolitica.com\/index.php?rest_route=%2Fwp%2Fv2%2Fcomments&post=53024"}],"version-history":[{"count":2,"href":"https:\/\/lamendigapolitica.com\/index.php?rest_route=\/wp\/v2\/posts\/53024\/revisions"}],"predecessor-version":[{"id":53032,"href":"https:\/\/lamendigapolitica.com\/index.php?rest_route=\/wp\/v2\/posts\/53024\/revisions\/53032"}],"wp:attachment":[{"href":"https:\/\/lamendigapolitica.com\/index.php?rest_route=%2Fwp%2Fv2%2Fmedia&parent=53024"}],"wp:term":[{"taxonomy":"category","embeddable":true,"href":"https:\/\/lamendigapolitica.com\/index.php?rest_route=%2Fwp%2Fv2%2Fcategories&post=53024"},{"taxonomy":"post_tag","embeddable":true,"href":"https:\/\/lamendigapolitica.com\/index.php?rest_route=%2Fwp%2Fv2%2Ftags&post=53024"}],"curies":[{"name":"wp","href":"https:\/\/api.w.org\/{rel}","templated":true}]}}