{"id":53021,"date":"2018-05-05T16:33:45","date_gmt":"2018-05-05T21:33:45","guid":{"rendered":"http:\/\/lamendigapolitica.com\/blog\/?p=53021"},"modified":"2018-05-05T16:33:45","modified_gmt":"2018-05-05T21:33:45","slug":"por-que-pedimos-el-voto-util","status":"publish","type":"post","link":"https:\/\/lamendigapolitica.com\/?p=53021","title":{"rendered":"\u00bfPor qu\u00e9 pedimos el voto \u00fatil?"},"content":{"rendered":"<p><a href=\"https:\/\/lamendigapolitica.com\/blog\/blog\/wp-content\/uploads\/2018\/05\/Ver\u00f3nicaJu\u00e1rez.jpg\" rel=\"attachment wp-att-53022\"><img loading=\"lazy\" decoding=\"async\" class=\"alignleft size-thumbnail wp-image-53022\" src=\"https:\/\/lamendigapolitica.com\/blog\/blog\/wp-content\/uploads\/2018\/05\/Ver\u00f3nicaJu\u00e1rez-150x150.jpg\" alt=\"Ver\u00f3nicaJu\u00e1rez\" width=\"150\" height=\"150\" \/><\/a><\/p>\n<h2><span style=\"color: #ffcc00;\">PERSPECTIVA21\/Ver\u00f3nica Ju\u00e1rez Pi\u00f1a<\/span><\/h2>\n<p>Andr\u00e9s Manuel L\u00f3pez Obrador dif\u00edcilmente contar\u00e1 con el apoyo de la mayor\u00eda de la ciudadan\u00eda. Sus ideas, anacr\u00f3nicas, suelen alejar a millones de mexicanas y mexicanos que quieren un cambio, pero uno viendo al futuro.<\/p>\n<p>Que no quieren al PRI de Enrique Pe\u00f1a Nieto, pero que tampoco est\u00e1n dispuestos a encontrar soluciones en las f\u00f3rmulas fracasadas del pasado.<\/p>\n<p>Por ello, cada que L\u00f3pez Obrador sent\u00eda la victoria en sus manos, una mayor\u00eda de electores, que se definen como indecisos e independientes, apostaban por el candidato que pudiera detener a L\u00f3pez Obrador.<\/p>\n<p>En la actual elecci\u00f3n, la contienda est\u00e1 clar\u00edsima entre Ricardo Anaya y L\u00f3pez Obrador.<\/p>\n<p>De acuerdo con Massive Caller, casa encuestadora, la ventaja se redujo a siete puntos despu\u00e9s del debate. Pr\u00e1cticamente, el candidato presidencial del Frente logr\u00f3 reducir la desventaja a la mitad tras su contundente actuaci\u00f3n en el debate.<\/p>\n<p>Y es que las y los mexicanos pudimos ver a un candidato sin ideas y sin respuestas como L\u00f3pez Obrador frente a un Anaya con un proyecto claro y sin temor a responder ning\u00fan cuestionamiento. Nadie puede negar las diferencias entre los dos candidatos: la incongruencia de uno y la contundencia del otro est\u00e1n ante la mirada de cualquiera.<\/p>\n<p>Y es aqu\u00ed en donde se abre la oportunidad del llamado \u201cvoto \u00fatil\u201d. S\u00f3lo Anaya puede detener a un eterno presidenciable como L\u00f3pez Obrador que tiene las mismas ma\u00f1as corruptas del PRI y aparte hay que agregarle sus obsoletas ideas econ\u00f3micas.<\/p>\n<p>Con sus propuestas, M\u00e9xico retroceder\u00eda a\u00fan m\u00e1s en materia de democratizaci\u00f3n, libertad de expresi\u00f3n, equidad, fortalecimiento institucional. Hemos criticado severamente al PRI por su uso faccioso de las instituciones, \u00bfy qu\u00e9 decir de alguien que cree que la pol\u00edtica es \u00e9l? \u00bfQu\u00e9 decir de un candidato que quiere que censuren documentales que no le gustan? \u00bfO qu\u00e9 decir de un aspirante a la Presidencia que se permite jugar con el estado de derecho y la impunidad? \u00bfQu\u00e9 decir de alguien que quiere devolverle su poder a Elba Esther Gordillo y a Napole\u00f3n G\u00f3mez Urrutia? AMLO es el PRI y nada m\u00e1s.<\/p>\n<p>Ante esta posibilidad, en el Frente queremos apelar al votante indeciso para que piense en qui\u00e9n es el mejor candidato para impedir esta restauraci\u00f3n y qui\u00e9n es el candidato que mejor abraza un proyecto de futuro.<\/p>\n<p>Nuestras propuestas est\u00e1n claras y es la ant\u00edtesis de lo que simbolizan el PRI y Morena: queremos instituciones fuertes, una democracia s\u00f3lida y un M\u00e9xico de ciudadanas y ciudadanos.<\/p>\n<p>No queremos un pa\u00eds subordinado a un caudillo, sino un M\u00e9xico en donde las y los ciudadanos sean los verdaderos protagonistas.<\/p>\n<p>Por ello, L\u00f3pez Obrador recela de la sociedad civil; porque no la puede controlar, porque no responde a sus designios absolutistas. El voto \u00fatil es la apuesta por un pa\u00eds en donde quepamos todas y todos, y no s\u00f3lo los leales a un l\u00edder.<\/p>\n<p>El proyecto de la Coalici\u00f3n Por M\u00e9xico al Frente es el de las y los ciudadanos que exigen combate a la corrupci\u00f3n, a la impunidad y que quieren rendici\u00f3n de cuentas. No queremos ni el M\u00e9xico de Pe\u00f1a ni el de Echeverr\u00eda. Sino el pa\u00eds del futuro, el que construye con sus ciudadanas y ciudadanos.<\/p>\n<h3>Delegada nacional del PRD<\/h3>\n<h3>@juarezvero<\/h3>\n","protected":false},"excerpt":{"rendered":"<p>PERSPECTIVA21\/Ver\u00f3nica Ju\u00e1rez Pi\u00f1a Andr\u00e9s Manuel L\u00f3pez Obrador dif\u00edcilmente contar\u00e1 con el apoyo de la mayor\u00eda de la ciudadan\u00eda. Sus ideas, anacr\u00f3nicas, suelen alejar a millones de mexicanas y mexicanos que quieren un cambio, pero uno viendo al futuro. Que no quieren al PRI de Enrique Pe\u00f1a Nieto, pero que tampoco est\u00e1n dispuestos a encontrar soluciones &hellip; <\/p>\n<p><a class=\"more-link btn\" href=\"https:\/\/lamendigapolitica.com\/?p=53021\">Seguir leyendo<\/a><\/p>\n","protected":false},"author":1,"featured_media":0,"comment_status":"open","ping_status":"closed","sticky":false,"template":"","format":"standard","meta":{"footnotes":""},"categories":[1,6,26,30,28,36,20,31,37,5,3,29,27,22,24],"tags":[],"class_list":["post-53021","post","type-post","status-publish","format-standard","hentry","category-columnista","category-congreso","category-cultura","category-economia","category-educacion","category-espectaculos","category-gobierno","category-internacional","category-nacional","category-partidos","category-politica","category-salud","category-seguridad","category-sociales","category-turismo","item-wrap"],"_links":{"self":[{"href":"https:\/\/lamendigapolitica.com\/index.php?rest_route=\/wp\/v2\/posts\/53021","targetHints":{"allow":["GET"]}}],"collection":[{"href":"https:\/\/lamendigapolitica.com\/index.php?rest_route=\/wp\/v2\/posts"}],"about":[{"href":"https:\/\/lamendigapolitica.com\/index.php?rest_route=\/wp\/v2\/types\/post"}],"author":[{"embeddable":true,"href":"https:\/\/lamendigapolitica.com\/index.php?rest_route=\/wp\/v2\/users\/1"}],"replies":[{"embeddable":true,"href":"https:\/\/lamendigapolitica.com\/index.php?rest_route=%2Fwp%2Fv2%2Fcomments&post=53021"}],"version-history":[{"count":1,"href":"https:\/\/lamendigapolitica.com\/index.php?rest_route=\/wp\/v2\/posts\/53021\/revisions"}],"predecessor-version":[{"id":53023,"href":"https:\/\/lamendigapolitica.com\/index.php?rest_route=\/wp\/v2\/posts\/53021\/revisions\/53023"}],"wp:attachment":[{"href":"https:\/\/lamendigapolitica.com\/index.php?rest_route=%2Fwp%2Fv2%2Fmedia&parent=53021"}],"wp:term":[{"taxonomy":"category","embeddable":true,"href":"https:\/\/lamendigapolitica.com\/index.php?rest_route=%2Fwp%2Fv2%2Fcategories&post=53021"},{"taxonomy":"post_tag","embeddable":true,"href":"https:\/\/lamendigapolitica.com\/index.php?rest_route=%2Fwp%2Fv2%2Ftags&post=53021"}],"curies":[{"name":"wp","href":"https:\/\/api.w.org\/{rel}","templated":true}]}}