{"id":53018,"date":"2018-05-03T22:09:36","date_gmt":"2018-05-04T03:09:36","guid":{"rendered":"http:\/\/lamendigapolitica.com\/blog\/?p=53018"},"modified":"2018-05-03T22:10:11","modified_gmt":"2018-05-04T03:10:11","slug":"el-invernadero-mas-grande-de-londres-reabre-sus-puerta-con-las-plantas-mas-raras-del-mundo","status":"publish","type":"post","link":"https:\/\/lamendigapolitica.com\/?p=53018","title":{"rendered":"El invernadero m\u00e1s grande de Londres reabre sus puerta con las plantas m\u00e1s raras del mundo"},"content":{"rendered":"<p><a href=\"https:\/\/lamendigapolitica.com\/blog\/blog\/wp-content\/uploads\/2018\/05\/invernadero.jpg\" rel=\"attachment wp-att-53019\"><img loading=\"lazy\" decoding=\"async\" class=\"aligncenter size-full wp-image-53019\" src=\"https:\/\/lamendigapolitica.com\/blog\/blog\/wp-content\/uploads\/2018\/05\/invernadero.jpg\" alt=\"invernadero\" width=\"620\" height=\"273\" srcset=\"https:\/\/lamendigapolitica.com\/wp-content\/uploads\/2018\/05\/invernadero.jpg 620w, https:\/\/lamendigapolitica.com\/wp-content\/uploads\/2018\/05\/invernadero-300x132.jpg 300w\" sizes=\"auto, (max-width: 620px) 100vw, 620px\" \/><\/a><\/p>\n<p>AFP.-El mayor invernadero de la \u00e9poca victoriana reabrir\u00e1 el s\u00e1bado en Londres, tras cinco a\u00f1os cerrado por renovaci\u00f3n, para mostrar algunas de las plantas m\u00e1s raras del planeta.<\/p>\n<p>La inmensa \u00abCasa Templada\u00bb (\u00abTemperate House\u00bb) en los jardines de Kew, en el oeste de Londres, permaneci\u00f3 cerrada durante los \u00faltimos cinco a\u00f1os para ser renovada, en un proyecto de un coste de 41 millones de libras (57 millones de d\u00f3lares).<\/p>\n<p>Este invernadero acoger\u00e1 unas 1.500 especies procedentes de diversas \u00e1reas, desde \u00c1frica, hasta Am\u00e9rica, pasando por Australia y Asia.<\/p>\n<div id=\"divVideoStepAdBottom\" class=\"divVideoStep\"><\/div>\n<p>\u00abHa sido sorprendente ver c\u00f3mo se desarrollaba este proyecto, el edificio aparece de forma espl\u00e9ndida y algunas de las plantas m\u00e1s raras del mundo vuelven a su hogar a salvo\u00bb, dijo Richard Barley, director de Horticultura en los jardines de Kew.<\/p>\n<p>Una de las plantas m\u00e1s singulares expuestas es la sudafricana Encephalartos woodii, parecida a una palmera, con hojas de color verde oscuro, que se encuentra extinta en estado silvestre.<\/p>\n<p>La estructura de hierro y cristal del impresionante edificio fue dise\u00f1ada por el reputado arquitecto Decimus Burton en 1860, y fue inaugurado en 1863.<\/p>\n","protected":false},"excerpt":{"rendered":"<p>AFP.-El mayor invernadero de la \u00e9poca victoriana reabrir\u00e1 el s\u00e1bado en Londres, tras cinco a\u00f1os cerrado por renovaci\u00f3n, para mostrar algunas de las plantas m\u00e1s raras del planeta. La inmensa \u00abCasa Templada\u00bb (\u00abTemperate House\u00bb) en los jardines de Kew, en el oeste de Londres, permaneci\u00f3 cerrada durante los \u00faltimos cinco a\u00f1os para ser renovada, en &hellip; <\/p>\n<p><a class=\"more-link btn\" href=\"https:\/\/lamendigapolitica.com\/?p=53018\">Seguir leyendo<\/a><\/p>\n","protected":false},"author":1,"featured_media":0,"comment_status":"open","ping_status":"closed","sticky":false,"template":"","format":"standard","meta":{"footnotes":""},"categories":[42,26,30,28,36,20,31,3,29,27,22,41,24],"tags":[],"class_list":["post-53018","post","type-post","status-publish","format-standard","hentry","category-clima","category-cultura","category-economia","category-educacion","category-espectaculos","category-gobierno","category-internacional","category-politica","category-salud","category-seguridad","category-sociales","category-tecnologia","category-turismo","item-wrap"],"_links":{"self":[{"href":"https:\/\/lamendigapolitica.com\/index.php?rest_route=\/wp\/v2\/posts\/53018","targetHints":{"allow":["GET"]}}],"collection":[{"href":"https:\/\/lamendigapolitica.com\/index.php?rest_route=\/wp\/v2\/posts"}],"about":[{"href":"https:\/\/lamendigapolitica.com\/index.php?rest_route=\/wp\/v2\/types\/post"}],"author":[{"embeddable":true,"href":"https:\/\/lamendigapolitica.com\/index.php?rest_route=\/wp\/v2\/users\/1"}],"replies":[{"embeddable":true,"href":"https:\/\/lamendigapolitica.com\/index.php?rest_route=%2Fwp%2Fv2%2Fcomments&post=53018"}],"version-history":[{"count":1,"href":"https:\/\/lamendigapolitica.com\/index.php?rest_route=\/wp\/v2\/posts\/53018\/revisions"}],"predecessor-version":[{"id":53020,"href":"https:\/\/lamendigapolitica.com\/index.php?rest_route=\/wp\/v2\/posts\/53018\/revisions\/53020"}],"wp:attachment":[{"href":"https:\/\/lamendigapolitica.com\/index.php?rest_route=%2Fwp%2Fv2%2Fmedia&parent=53018"}],"wp:term":[{"taxonomy":"category","embeddable":true,"href":"https:\/\/lamendigapolitica.com\/index.php?rest_route=%2Fwp%2Fv2%2Fcategories&post=53018"},{"taxonomy":"post_tag","embeddable":true,"href":"https:\/\/lamendigapolitica.com\/index.php?rest_route=%2Fwp%2Fv2%2Ftags&post=53018"}],"curies":[{"name":"wp","href":"https:\/\/api.w.org\/{rel}","templated":true}]}}