{"id":53007,"date":"2018-05-03T20:01:16","date_gmt":"2018-05-04T01:01:16","guid":{"rendered":"http:\/\/lamendigapolitica.com\/blog\/?p=53007"},"modified":"2018-05-03T20:01:16","modified_gmt":"2018-05-04T01:01:16","slug":"dejaremos-finanzas-sanas-gobernador-de-jalisco","status":"publish","type":"post","link":"https:\/\/lamendigapolitica.com\/?p=53007","title":{"rendered":"Dejaremos finanzas sanas: Gobernador de Jalisco"},"content":{"rendered":"<p><a href=\"https:\/\/lamendigapolitica.com\/blog\/blog\/wp-content\/uploads\/2018\/05\/jas.jpg\" rel=\"attachment wp-att-53008\"><img loading=\"lazy\" decoding=\"async\" class=\"aligncenter size-full wp-image-53008\" src=\"https:\/\/lamendigapolitica.com\/blog\/blog\/wp-content\/uploads\/2018\/05\/jas.jpg\" alt=\"jas\" width=\"557\" height=\"372\" \/><\/a><\/p>\n<p style=\"font-weight: 400;\">En el marco de la\u00a0LXIII Asamblea Anual y Punto Empresarial de la Coparmex, el Gobernador del Estado, Arist\u00f3teles Sandoval, asegur\u00f3 que la actual administraci\u00f3n no heredar\u00e1 n\u00fameros rojos, adem\u00e1s de comprometerse con los l\u00edderes empresariales para agilizar la consolidaci\u00f3n de la Fiscal\u00eda Estatal Anticorrupci\u00f3n.<\/p>\n<p style=\"font-weight: 400;\">\u201cQuiero decirles aqu\u00ed a mis amigos y amigas, a los pr\u00f3ximos candidatos y de donde resultar\u00e1 el pr\u00f3ximo gobernador, no se preocupen. En Jalisco despu\u00e9s de haberlo recibido en default, hoy tenemos finanzas sanas, finanzas orientadas a lo que se necesita\u201d, explic\u00f3 el mandatario estatal en su discurso ante empresarios jaliscienses y candidatos a un cargo p\u00fablico.<\/p>\n<p style=\"font-weight: 400;\">\u201cEl incremento en gasto corriente ha sido para ministerios p\u00fablicos, polic\u00edas, sistemas como, el estatal anticorrupci\u00f3n, fiscal\u00eda para desaparecidos, fiscal\u00eda de derechos humanos, para eso se ha orientado adem\u00e1s de maestros y, por supuesto, un rubro donde ten\u00edamos un gran rezago que es el de salud, param\u00e9dicos y enfermeras\u201d.<\/p>\n<p style=\"font-weight: 400;\">Durante el informe del presidente de Coparmex Jalisco, Mauro Garza Mar\u00edn, Sandoval se comprometi\u00f3 a acelerar los recursos para que opere la fiscal\u00eda Anticorrupci\u00f3n a cien por ciento.<\/p>\n<p style=\"font-weight: 400;\">\u201cPara dar resultados, cuenten con mi compromiso Mauro, para que a la brevedad se cuente con los ministerios p\u00fablicos que sean necesarios para la fiscal\u00eda anticorrupci\u00f3n para que a la brevedad se dote de todos los recursos necesarios al sistema anticorrupci\u00f3n porque ellos son los que estaban realizando ya el cuadrante, los tabuladores, de cu\u00e1nto iban a ganar y cu\u00e1nto se requiere, pero eso urge a nuestra sociedad; fue el compromiso de esta administraci\u00f3n y no descansaremos hasta el \u00faltimo d\u00eda para cumplirle el compromiso a nuestra sociedad jalisciense\u201d, indic\u00f3.<\/p>\n<p style=\"font-weight: 400;\">En el evento, realizado en la Expo Guadalajara, acudi\u00f3 el presidente nacional de Coparmex, Gustavo Hoyos Walther; el presidente de la C\u00e1mara de Comercio de Guadalajara, Xavier Orend\u00e1in; autoridades municipales y candidatos a cargos p\u00fablicos.<strong>\u00a0<\/strong><\/p>\n<p style=\"font-weight: 400;\"><strong>AS\u00cd LO DIJO:<\/strong><\/p>\n<p style=\"font-weight: 400;\">\u201cNo vamos a descansar hasta el \u00faltimo d\u00eda, por ello decirles que es nuestro compromiso seguir de la mano trabajando con ustedes (Coparmex)\u201d<\/p>\n<p style=\"font-weight: 400;\">Arist\u00f3teles Sandoval,<\/p>\n<p style=\"font-weight: 400;\"><strong>Gobernador del Estado de Jalisco<\/strong><\/p>\n","protected":false},"excerpt":{"rendered":"<p>En el marco de la\u00a0LXIII Asamblea Anual y Punto Empresarial de la Coparmex, el Gobernador del Estado, Arist\u00f3teles Sandoval, asegur\u00f3 que la actual administraci\u00f3n no heredar\u00e1 n\u00fameros rojos, adem\u00e1s de comprometerse con los l\u00edderes empresariales para agilizar la consolidaci\u00f3n de la Fiscal\u00eda Estatal Anticorrupci\u00f3n. \u201cQuiero decirles aqu\u00ed a mis amigos y amigas, a los pr\u00f3ximos &hellip; <\/p>\n<p><a class=\"more-link btn\" href=\"https:\/\/lamendigapolitica.com\/?p=53007\">Seguir leyendo<\/a><\/p>\n","protected":false},"author":1,"featured_media":0,"comment_status":"open","ping_status":"closed","sticky":false,"template":"","format":"standard","meta":{"footnotes":""},"categories":[1,6,26,30,28,36,20,31,38,37,5,3,21,29,27,22,41,24],"tags":[],"class_list":["post-53007","post","type-post","status-publish","format-standard","hentry","category-columnista","category-congreso","category-cultura","category-economia","category-educacion","category-espectaculos","category-gobierno","category-internacional","category-movilidad","category-nacional","category-partidos","category-politica","category-religion","category-salud","category-seguridad","category-sociales","category-tecnologia","category-turismo","item-wrap"],"_links":{"self":[{"href":"https:\/\/lamendigapolitica.com\/index.php?rest_route=\/wp\/v2\/posts\/53007","targetHints":{"allow":["GET"]}}],"collection":[{"href":"https:\/\/lamendigapolitica.com\/index.php?rest_route=\/wp\/v2\/posts"}],"about":[{"href":"https:\/\/lamendigapolitica.com\/index.php?rest_route=\/wp\/v2\/types\/post"}],"author":[{"embeddable":true,"href":"https:\/\/lamendigapolitica.com\/index.php?rest_route=\/wp\/v2\/users\/1"}],"replies":[{"embeddable":true,"href":"https:\/\/lamendigapolitica.com\/index.php?rest_route=%2Fwp%2Fv2%2Fcomments&post=53007"}],"version-history":[{"count":1,"href":"https:\/\/lamendigapolitica.com\/index.php?rest_route=\/wp\/v2\/posts\/53007\/revisions"}],"predecessor-version":[{"id":53009,"href":"https:\/\/lamendigapolitica.com\/index.php?rest_route=\/wp\/v2\/posts\/53007\/revisions\/53009"}],"wp:attachment":[{"href":"https:\/\/lamendigapolitica.com\/index.php?rest_route=%2Fwp%2Fv2%2Fmedia&parent=53007"}],"wp:term":[{"taxonomy":"category","embeddable":true,"href":"https:\/\/lamendigapolitica.com\/index.php?rest_route=%2Fwp%2Fv2%2Fcategories&post=53007"},{"taxonomy":"post_tag","embeddable":true,"href":"https:\/\/lamendigapolitica.com\/index.php?rest_route=%2Fwp%2Fv2%2Ftags&post=53007"}],"curies":[{"name":"wp","href":"https:\/\/api.w.org\/{rel}","templated":true}]}}