{"id":52989,"date":"2018-05-02T15:34:16","date_gmt":"2018-05-02T20:34:16","guid":{"rendered":"http:\/\/lamendigapolitica.com\/blog\/?p=52989"},"modified":"2018-05-02T15:47:40","modified_gmt":"2018-05-02T20:47:40","slug":"efectos-del-debate","status":"publish","type":"post","link":"https:\/\/lamendigapolitica.com\/?p=52989","title":{"rendered":"Efectos del Debate"},"content":{"rendered":"<p><a href=\"https:\/\/lamendigapolitica.com\/blog\/blog\/wp-content\/uploads\/2018\/05\/Jorge-Rocha2.jpg\" rel=\"attachment wp-att-52990\"><img loading=\"lazy\" decoding=\"async\" class=\"alignleft size-thumbnail wp-image-52990\" src=\"https:\/\/lamendigapolitica.com\/blog\/blog\/wp-content\/uploads\/2018\/05\/Jorge-Rocha2-150x150.jpg\" alt=\"Jorge-Rocha2\" width=\"150\" height=\"150\" \/><\/a><\/p>\n<h2><span style=\"color: #3366ff;\">PESIMISMO ILUSTRADO\/Jorge Rocha<\/span><\/h2>\n<p>Una de las inc\u00f3gnitas que hab\u00eda dejado el post debate era sobre los efectos que \u00e9ste tuvo en la intenci\u00f3n del voto.<\/p>\n<p>La literatura acad\u00e9mica al respecto se\u00f1ala que los debates s\u00f3lo sirven para confirmar tendencias pre-establecidas y que s\u00f3lo entre un 4 y 5% de los electores cambian su preferencia electoral.<em> Grupo Reforma<\/em> public\u00f3 hoy su \u00faltima encuesta presidencial, luego del primer debate entre los cinco contendientes a este cargo p\u00fablico; y los resultados son los siguientes:<\/p>\n<ol>\n<li>Andr\u00e9s Manuel L\u00f3pez Obrador se mantiene como puntero con el mismo 48% de las preferencias electorales que ten\u00eda antes del debate, es decir, a pesar de los ataques recibidos en el primer debate (43), el candidato de MORENA sali\u00f3 completamente ileso de este evento. Lo que queda en el aire es, s\u00ed este 48% de intenci\u00f3n de voto es el techo electoral de L\u00f3pez Obrador, o s\u00ed el debate s\u00ed tuvo un efecto de frenar el crecimiento que hab\u00eda tenido hasta el mes de abril.<\/li>\n<li>Ricardo Anaya ahora s\u00ed se consolida como el segundo lugar en la intenci\u00f3n del voto con un 30% luego del debate. El estancamiento que hab\u00eda tenido el candidato de la Coalici\u00f3n por M\u00e9xico al Frente se rompi\u00f3 y experiment\u00f3 un crecimiento de 4% frente a lo que ten\u00eda antes del debate. Sin embargo, si se analizan las cifras con detalle, se puede observar que los puntos ganados por Anaya son los que perdieron Jos\u00e9 Antonio Meade (PRI), Margarita Zavala (Independiente) y Jaime Rodr\u00edguez \u201cEl Bronco\u201d (Independiente). Este escenario confirma la pretensi\u00f3n de hacer una alianza de facto entre Anaya y Pe\u00f1a Nieto. Sin embargo, esta estrategia resulta por dem\u00e1s riesgosa para el candidato de la Coalici\u00f3n del PAN-PRD-MC, ya que por lo pronto Movimiento Ciudadano anunci\u00f3 que s\u00ed esta alianza se consolida, el apoyo de este partido a la Coalici\u00f3n se retira, esto de acuerdo con los dichos de Enrique Alfaro, candidato de MC a la gubernatura de Jalisco, es su reciente visita al ITESO. Adem\u00e1s de ninguna manera es seguro que todo el voto del PRI se transfiera a Anaya, ya que todos los d\u00edas se saben de las transferencias de bases priistas a MORENA.<\/li>\n<li>Jos\u00e9 Antonio Meade, Margarita Zavala y Jaime Rodr\u00edguez \u201cEl Bronco\u201d perdieron puntos de intenci\u00f3n del voto luego del debate y el depositario de estas erosiones fue Ricardo Anaya, es decir, la estrategia de atacar a L\u00f3pez Obrador y Anaya no funcion\u00f3, al contrario, les rest\u00f3 simpatizantes y afortunadamente la gente castig\u00f3 propuestas como las de \u201ccortarles la mano a funcionarios p\u00fablicos corruptos\u201d.<\/li>\n<\/ol>\n<p>Se ratific\u00f3 lo que dice la literatura acad\u00e9mica y la propia experiencia mexicana, quien gana debates no gana elecciones; y creo que a partir de mayo la elecci\u00f3n es de dos: Andr\u00e9s Manuel L\u00f3pez Obrador vs Ricardo Anaya Cort\u00e9s.<\/p>\n<h3>Profesor investigador del ITESO<\/h3>\n<h3>@JorgeRochaQ<\/h3>\n","protected":false},"excerpt":{"rendered":"<p>PESIMISMO ILUSTRADO\/Jorge Rocha Una de las inc\u00f3gnitas que hab\u00eda dejado el post debate era sobre los efectos que \u00e9ste tuvo en la intenci\u00f3n del voto. La literatura acad\u00e9mica al respecto se\u00f1ala que los debates s\u00f3lo sirven para confirmar tendencias pre-establecidas y que s\u00f3lo entre un 4 y 5% de los electores cambian su preferencia electoral. &hellip; <\/p>\n<p><a class=\"more-link btn\" href=\"https:\/\/lamendigapolitica.com\/?p=52989\">Seguir leyendo<\/a><\/p>\n","protected":false},"author":1,"featured_media":0,"comment_status":"open","ping_status":"closed","sticky":false,"template":"","format":"standard","meta":{"footnotes":""},"categories":[1,6,26,30,28,36,20,31,37,5,3,27,41],"tags":[],"class_list":["post-52989","post","type-post","status-publish","format-standard","hentry","category-columnista","category-congreso","category-cultura","category-economia","category-educacion","category-espectaculos","category-gobierno","category-internacional","category-nacional","category-partidos","category-politica","category-seguridad","category-tecnologia","item-wrap"],"_links":{"self":[{"href":"https:\/\/lamendigapolitica.com\/index.php?rest_route=\/wp\/v2\/posts\/52989","targetHints":{"allow":["GET"]}}],"collection":[{"href":"https:\/\/lamendigapolitica.com\/index.php?rest_route=\/wp\/v2\/posts"}],"about":[{"href":"https:\/\/lamendigapolitica.com\/index.php?rest_route=\/wp\/v2\/types\/post"}],"author":[{"embeddable":true,"href":"https:\/\/lamendigapolitica.com\/index.php?rest_route=\/wp\/v2\/users\/1"}],"replies":[{"embeddable":true,"href":"https:\/\/lamendigapolitica.com\/index.php?rest_route=%2Fwp%2Fv2%2Fcomments&post=52989"}],"version-history":[{"count":3,"href":"https:\/\/lamendigapolitica.com\/index.php?rest_route=\/wp\/v2\/posts\/52989\/revisions"}],"predecessor-version":[{"id":52993,"href":"https:\/\/lamendigapolitica.com\/index.php?rest_route=\/wp\/v2\/posts\/52989\/revisions\/52993"}],"wp:attachment":[{"href":"https:\/\/lamendigapolitica.com\/index.php?rest_route=%2Fwp%2Fv2%2Fmedia&parent=52989"}],"wp:term":[{"taxonomy":"category","embeddable":true,"href":"https:\/\/lamendigapolitica.com\/index.php?rest_route=%2Fwp%2Fv2%2Fcategories&post=52989"},{"taxonomy":"post_tag","embeddable":true,"href":"https:\/\/lamendigapolitica.com\/index.php?rest_route=%2Fwp%2Fv2%2Ftags&post=52989"}],"curies":[{"name":"wp","href":"https:\/\/api.w.org\/{rel}","templated":true}]}}