{"id":52805,"date":"2018-04-12T19:33:49","date_gmt":"2018-04-13T00:33:49","guid":{"rendered":"http:\/\/lamendigapolitica.com\/blog\/?p=52805"},"modified":"2018-04-12T19:33:49","modified_gmt":"2018-04-13T00:33:49","slug":"se-podran-incluir-sobrenombres-en-las-boletas-electorales-iepc-jalisco","status":"publish","type":"post","link":"https:\/\/lamendigapolitica.com\/?p=52805","title":{"rendered":"Se podr\u00e1n incluir sobrenombres en las boletas electorales: IEPC Jalisco"},"content":{"rendered":"<p><a href=\"https:\/\/lamendigapolitica.com\/blog\/blog\/wp-content\/uploads\/2018\/04\/Screenshot_22.jpg\" rel=\"attachment wp-att-52808\"><img loading=\"lazy\" decoding=\"async\" class=\"aligncenter size-full wp-image-52808\" src=\"https:\/\/lamendigapolitica.com\/blog\/blog\/wp-content\/uploads\/2018\/04\/Screenshot_22.jpg\" alt=\"Screenshot_22\" width=\"449\" height=\"434\" srcset=\"https:\/\/lamendigapolitica.com\/wp-content\/uploads\/2018\/04\/Screenshot_22.jpg 449w, https:\/\/lamendigapolitica.com\/wp-content\/uploads\/2018\/04\/Screenshot_22-300x290.jpg 300w\" sizes=\"auto, (max-width: 449px) 100vw, 449px\" \/><\/a><\/p>\n<p>&nbsp;<\/p>\n<p>Por Eugenia Barajas<\/p>\n<p>Consejo General del Instituto Electoral y de Participaci\u00f3n Ciudadana de Jalisco aprob\u00f3 la inclusi\u00f3n de sobrenombres o apodos de las y los candidatos en las boletas electorales para el Proceso Electoral Concurrente 2017-2018. Por lo tanto, las y los candidatos que soliciten se incluya su sobrenombre, deber\u00e1n hacerlo del conocimiento del Instituto.<\/p>\n<p>Esto conforme a lo estipulado en la resoluci\u00f3n al recurso de apelaci\u00f3n SUP-RAP-0188\/2012 y a la jurisprudencia 10\/2013 \u201cBoleta Electoral\u201d.<\/p>\n<p>Para el caso de las candidaturas a la gubernatura deber\u00e1n solicitarlo durante los tres d\u00edas naturales siguientes a partir del 11 de abril de 2018. En el caso de candidaturas a diputaciones y mun\u00edcipes, se tendr\u00e1 que realizar dentro de los tres d\u00edas naturales siguientes a partir del d\u00eda de la aprobaci\u00f3n del dictamen que otorga la calidad de candidatos y candidatas.<\/p>\n<p>Cabe recordar que en junio del 2012 se aprobaron 55 sobrenombrees o apodos entre candidatos a diputados y a presidentes municipales.<\/p>\n","protected":false},"excerpt":{"rendered":"<p>&nbsp; Por Eugenia Barajas Consejo General del Instituto Electoral y de Participaci\u00f3n Ciudadana de Jalisco aprob\u00f3 la inclusi\u00f3n de sobrenombres o apodos de las y los candidatos en las boletas electorales para el Proceso Electoral Concurrente 2017-2018. Por lo tanto, las y los candidatos que soliciten se incluya su sobrenombre, deber\u00e1n hacerlo del conocimiento del &hellip; <\/p>\n<p><a class=\"more-link btn\" href=\"https:\/\/lamendigapolitica.com\/?p=52805\">Seguir leyendo<\/a><\/p>\n","protected":false},"author":1,"featured_media":0,"comment_status":"open","ping_status":"closed","sticky":false,"template":"","format":"standard","meta":{"footnotes":""},"categories":[6,26,30,28,36,20,31,38,37,5,3,21,27],"tags":[],"class_list":["post-52805","post","type-post","status-publish","format-standard","hentry","category-congreso","category-cultura","category-economia","category-educacion","category-espectaculos","category-gobierno","category-internacional","category-movilidad","category-nacional","category-partidos","category-politica","category-religion","category-seguridad","item-wrap"],"_links":{"self":[{"href":"https:\/\/lamendigapolitica.com\/index.php?rest_route=\/wp\/v2\/posts\/52805","targetHints":{"allow":["GET"]}}],"collection":[{"href":"https:\/\/lamendigapolitica.com\/index.php?rest_route=\/wp\/v2\/posts"}],"about":[{"href":"https:\/\/lamendigapolitica.com\/index.php?rest_route=\/wp\/v2\/types\/post"}],"author":[{"embeddable":true,"href":"https:\/\/lamendigapolitica.com\/index.php?rest_route=\/wp\/v2\/users\/1"}],"replies":[{"embeddable":true,"href":"https:\/\/lamendigapolitica.com\/index.php?rest_route=%2Fwp%2Fv2%2Fcomments&post=52805"}],"version-history":[{"count":3,"href":"https:\/\/lamendigapolitica.com\/index.php?rest_route=\/wp\/v2\/posts\/52805\/revisions"}],"predecessor-version":[{"id":52809,"href":"https:\/\/lamendigapolitica.com\/index.php?rest_route=\/wp\/v2\/posts\/52805\/revisions\/52809"}],"wp:attachment":[{"href":"https:\/\/lamendigapolitica.com\/index.php?rest_route=%2Fwp%2Fv2%2Fmedia&parent=52805"}],"wp:term":[{"taxonomy":"category","embeddable":true,"href":"https:\/\/lamendigapolitica.com\/index.php?rest_route=%2Fwp%2Fv2%2Fcategories&post=52805"},{"taxonomy":"post_tag","embeddable":true,"href":"https:\/\/lamendigapolitica.com\/index.php?rest_route=%2Fwp%2Fv2%2Ftags&post=52805"}],"curies":[{"name":"wp","href":"https:\/\/api.w.org\/{rel}","templated":true}]}}