{"id":52790,"date":"2018-04-10T21:47:51","date_gmt":"2018-04-11T02:47:51","guid":{"rendered":"http:\/\/lamendigapolitica.com\/blog\/?p=52790"},"modified":"2018-04-10T21:47:51","modified_gmt":"2018-04-11T02:47:51","slug":"un-politico-gobierna-como-hace-campana-kumamoto","status":"publish","type":"post","link":"https:\/\/lamendigapolitica.com\/?p=52790","title":{"rendered":"Un pol\u00edtico gobierna como hace campa\u00f1a: Kumamoto"},"content":{"rendered":"<p><a href=\"https:\/\/lamendigapolitica.com\/blog\/blog\/wp-content\/uploads\/2018\/04\/Screenshot_19.jpg\" rel=\"attachment wp-att-52791\"><img loading=\"lazy\" decoding=\"async\" class=\"aligncenter size-full wp-image-52791\" src=\"https:\/\/lamendigapolitica.com\/blog\/blog\/wp-content\/uploads\/2018\/04\/Screenshot_19.jpg\" alt=\"Screenshot_19\" width=\"477\" height=\"721\" \/><\/a><\/p>\n<p>A trav\u00e9s de un comunicado, el candidato independiente al Senado por Jalisco, Pedro Kumamoto da a conocer su opini\u00f3n respecto a la decisi\u00f3n del Tribunal Federal Electoral de aprobar la candidatura de Jaime Rodr\u00edguez a la presidencia del pa\u00eds.<\/p>\n<p>Este lunes el Tribunal Electoral del Poder Judicial de la Federaci\u00f3n decidi\u00f3 darle a Jaime Rodr\u00edguez Calder\u00f3n un espacio en la boleta. A nuestros ojos, esta es una oportunidad que no gan\u00f3 honestamente, pues el INE invalid\u00f3 el 58 por ciento de sus firmas y notific\u00f3 de varias irregularidades en la fiscalizaci\u00f3n de, al menos, 17 millones de pesos durante el periodo de recolecci\u00f3n de firmas.<br \/>\nHa sido una ardua y comprometida labor dignificar y utilizar correctamente la herramienta que conocemos como candidaturas independientes, pues las entendemos como una posibilidad de recuperar la pol\u00edtica para las personas, porque son estas \u00faltimas, y no la clase pol\u00edtica, ni los poderes f\u00e1cticos, quienes deciden otorgar mediante su firma el permiso para buscar representarlas y la responsabilidad de hacerle justicia a sus leg\u00edtimos anhelos de cambio.<\/p>\n<p>En el marco de nuestros compromisos de campa\u00f1a, hemos hecho saber que estamos seguras de que un pol\u00edtico gobierna como hace campa\u00f1a. En el caso de Rodr\u00edguez Calder\u00f3n y otros candidatos independientes que no siguen las normas, son los hechos los que demuestran que en caso de ganar la elecci\u00f3n, gobernar\u00edan de la misma manera en la que juntaron las firmas: comprando voluntades, manipulando datos personales, aprovechando su posici\u00f3n de poder para sus intereses y no los de M\u00e9xico. Est\u00e1 claro que las formas de hacer pol\u00edtica que nos tienen cansadas siguen siendo parte de su proceder.<\/p>\n<p>Las personas no somos ingenuas y notamos cuando alguien cumple las reglas y cuando alguien las rompe aprovechando el clima de impunidad que permanece en nuestro pa\u00eds. Justo por este tipo de pr\u00e1cticas exigimos #QueLoHaganMejor, porque nos merecemos campa\u00f1as y gobiernos austeros, cercanos, honestos e incluyentes.<\/p>\n<p>Para nosotras y nuestra plataforma #VamosAReemplazarles es de suma importancia que pr\u00e1cticas como las que vimos hoy no se repitan nunca m\u00e1s. Por eso vamos a garantizar que la voz de las personas sea la que dicte el rumbo de la clase pol\u00edtica y no la clase pol\u00edtica el rumbo de la vida de las personas. Por eso hemos decidido incluir en nuestras propuestas para el Congreso de la Uni\u00f3n una reforma de ley al art\u00edculo 371 de la Ley General de Instituciones y Procedimientos Electorales con tres puntos clave, enlistados a continuaci\u00f3n:<\/p>\n<p>Para que una aspiraci\u00f3n pueda registrar una candidatura, cuando menos el 85% de sus apoyos ciudadanos deber\u00e1n de ser v\u00e1lidos; esto significa que no m\u00e1s del 15% de sus apoyos podr\u00e1n ser invalidados, lo que incluye apoyos falseados o falsos. Este porcentaje responde al margen de errores t\u00e9cnicos o humanos que pudieran darse durante la recolecci\u00f3n de firmas.<br \/>\nExclusivamente el INE deber\u00e1 validar dichos apoyos cuando \u00e9stos cumplan con los requisitos de ley para que no exista duda razonable de su veracidad.<br \/>\nSi la candidatura resultara improcedente por tener m\u00e1s de 15% de firmas inv\u00e1lidas o falsas, a los 15 d\u00edas de la notificaci\u00f3n de los apoyos ciudadanos v\u00e1lidos e inv\u00e1lidos obtenidos el INE deber\u00e1 garantizar el derecho de audiencia del aspirante, con la finalidad de determinar si lo que se buscaba era enga\u00f1ar a la autoridad o si se tratara de conductas no punibles.<\/p>\n<p>La responsabilidad que tenemos por hacer las cosas bien es clara y por eso logramos esta candidatura con 95% de firmas v\u00e1lidas. Nuestro compromiso por recuperar la paz, el futuro y la pol\u00edtica para las personas solo se reafirma ante hechos como este. Nos emociona saber que somos muchas m\u00e1s las personas que hemos decidido que esta forma de hacer pol\u00edtica, desde las calles, los pueblos, nuestras casas, desde la esperanza, la empat\u00eda, la transparencia y la honestidad, lleg\u00f3 para quedarse.<\/p>\n","protected":false},"excerpt":{"rendered":"<p>A trav\u00e9s de un comunicado, el candidato independiente al Senado por Jalisco, Pedro Kumamoto da a conocer su opini\u00f3n respecto a la decisi\u00f3n del Tribunal Federal Electoral de aprobar la candidatura de Jaime Rodr\u00edguez a la presidencia del pa\u00eds. Este lunes el Tribunal Electoral del Poder Judicial de la Federaci\u00f3n decidi\u00f3 darle a Jaime Rodr\u00edguez &hellip; <\/p>\n<p><a class=\"more-link btn\" href=\"https:\/\/lamendigapolitica.com\/?p=52790\">Seguir leyendo<\/a><\/p>\n","protected":false},"author":1,"featured_media":0,"comment_status":"open","ping_status":"closed","sticky":false,"template":"","format":"standard","meta":{"footnotes":""},"categories":[6,26,30,28,36,20,31,38,37,5,3,21,27],"tags":[],"class_list":["post-52790","post","type-post","status-publish","format-standard","hentry","category-congreso","category-cultura","category-economia","category-educacion","category-espectaculos","category-gobierno","category-internacional","category-movilidad","category-nacional","category-partidos","category-politica","category-religion","category-seguridad","item-wrap"],"_links":{"self":[{"href":"https:\/\/lamendigapolitica.com\/index.php?rest_route=\/wp\/v2\/posts\/52790","targetHints":{"allow":["GET"]}}],"collection":[{"href":"https:\/\/lamendigapolitica.com\/index.php?rest_route=\/wp\/v2\/posts"}],"about":[{"href":"https:\/\/lamendigapolitica.com\/index.php?rest_route=\/wp\/v2\/types\/post"}],"author":[{"embeddable":true,"href":"https:\/\/lamendigapolitica.com\/index.php?rest_route=\/wp\/v2\/users\/1"}],"replies":[{"embeddable":true,"href":"https:\/\/lamendigapolitica.com\/index.php?rest_route=%2Fwp%2Fv2%2Fcomments&post=52790"}],"version-history":[{"count":1,"href":"https:\/\/lamendigapolitica.com\/index.php?rest_route=\/wp\/v2\/posts\/52790\/revisions"}],"predecessor-version":[{"id":52792,"href":"https:\/\/lamendigapolitica.com\/index.php?rest_route=\/wp\/v2\/posts\/52790\/revisions\/52792"}],"wp:attachment":[{"href":"https:\/\/lamendigapolitica.com\/index.php?rest_route=%2Fwp%2Fv2%2Fmedia&parent=52790"}],"wp:term":[{"taxonomy":"category","embeddable":true,"href":"https:\/\/lamendigapolitica.com\/index.php?rest_route=%2Fwp%2Fv2%2Fcategories&post=52790"},{"taxonomy":"post_tag","embeddable":true,"href":"https:\/\/lamendigapolitica.com\/index.php?rest_route=%2Fwp%2Fv2%2Ftags&post=52790"}],"curies":[{"name":"wp","href":"https:\/\/api.w.org\/{rel}","templated":true}]}}