{"id":52768,"date":"2018-04-08T22:38:37","date_gmt":"2018-04-09T03:38:37","guid":{"rendered":"http:\/\/lamendigapolitica.com\/blog\/?p=52768"},"modified":"2018-04-08T22:38:37","modified_gmt":"2018-04-09T03:38:37","slug":"presenta-kumamoto-propuestas-de-campana-al-senado","status":"publish","type":"post","link":"https:\/\/lamendigapolitica.com\/?p=52768","title":{"rendered":"Presenta Kumamoto propuestas de campa\u00f1a al Senado"},"content":{"rendered":"<p><a href=\"https:\/\/lamendigapolitica.com\/blog\/blog\/wp-content\/uploads\/2018\/04\/64cce2cb-d714-482b-8ccc-8894260ad29b.jpg\" rel=\"attachment wp-att-52769\"><img loading=\"lazy\" decoding=\"async\" class=\"aligncenter size-full wp-image-52769\" src=\"https:\/\/lamendigapolitica.com\/blog\/blog\/wp-content\/uploads\/2018\/04\/64cce2cb-d714-482b-8ccc-8894260ad29b.jpg\" alt=\"64cce2cb-d714-482b-8ccc-8894260ad29b\" width=\"800\" height=\"533\" srcset=\"https:\/\/lamendigapolitica.com\/wp-content\/uploads\/2018\/04\/64cce2cb-d714-482b-8ccc-8894260ad29b.jpg 800w, https:\/\/lamendigapolitica.com\/wp-content\/uploads\/2018\/04\/64cce2cb-d714-482b-8ccc-8894260ad29b-300x200.jpg 300w, https:\/\/lamendigapolitica.com\/wp-content\/uploads\/2018\/04\/64cce2cb-d714-482b-8ccc-8894260ad29b-768x512.jpg 768w\" sizes=\"auto, (max-width: 800px) 100vw, 800px\" \/><\/a><\/p>\n<p>En la primer semana de campa\u00f1a, Pedro Kumamoto y su compa\u00f1era de f\u00f3rmula Juanita Delgado visitaron distintos municipios de la costa sur de Jalisco para encontrarse con las personas que en el proceso de recolecci\u00f3n de firmas mostraron su apoyo y con quienes se han sumado para la campa\u00f1a.<\/p>\n<p>\u201cEstamos contentas, nos encontramos con personas que ya nos hab\u00edan recibido en la colecta de firmas y vinieron a refrendar su amistad, su confianza y su coraz\u00f3n; de verdad estamos esperando que Jalisco mejore\u201d declar\u00f3 Juanita Delgado en su primer gira como candidata.<\/p>\n<div><\/div>\n<div>La primer gira regional de la campa\u00f1a comenz\u00f3 el jueves en Cihuatl\u00e1n, sigui\u00f3 en San Patricio Melaque, Autl\u00e1n, El Grullo, Uni\u00f3n de Tula y finaliz\u00f3 hoy domingo en la rivera del lago de Chapala, donde tuvieron oportunidad de escuchar a vecinos y vecinas de Chapala, Ajijic y Jocotepec y presentarles las propuestas de la plataforma \u00a0#VamosAReemplazarles, las cuales se agrupan en ejes: recuperar la paz, recuperar el futuro y recuperar la pol\u00edtica para las personas. Entre ellas destacan:<\/div>\n<ul>\n<li dir=\"ltr\">\n<p dir=\"ltr\">Acabar con la impunidad y lujos de la clase pol\u00edtica impulsando #SinVotoNoHayDinero y la eliminaci\u00f3n del fuero a nivel federal.<\/p>\n<\/li>\n<li dir=\"ltr\">\n<p dir=\"ltr\">Lograr pensiones y salarios justos y dignos.<\/p>\n<\/li>\n<li dir=\"ltr\">\n<p dir=\"ltr\">Que lo p\u00fablico sea sin\u00f3nimo de excelencia.<\/p>\n<\/li>\n<\/ul>\n<div>\u00a0Durante su visita a estos 8 municipios Kumamoto y Delgado se reunieron con personas que anteriormente hab\u00edan mostrado su apoyo en estas regiones, tambi\u00e9n salieron a las calles en brigada a platicar con vecinas y vecinos e hicieron\u00a0pegas de calcas para auto en zonas concurridas de los distintos municipios.<\/p>\n<p>Kumamoto y Delgado seguir\u00e1n consolidando el apoyo de las personas en otras regiones del estado por lo que el pr\u00f3ximo fin de semana visitar\u00e1n Lagos de Moreno, San Juan de los Lagos , Arandas , Tepatitl\u00e1n y Zapotlanejo.<\/p><\/div>\n","protected":false},"excerpt":{"rendered":"<p>En la primer semana de campa\u00f1a, Pedro Kumamoto y su compa\u00f1era de f\u00f3rmula Juanita Delgado visitaron distintos municipios de la costa sur de Jalisco para encontrarse con las personas que en el proceso de recolecci\u00f3n de firmas mostraron su apoyo y con quienes se han sumado para la campa\u00f1a. \u201cEstamos contentas, nos encontramos con personas &hellip; <\/p>\n<p><a class=\"more-link btn\" href=\"https:\/\/lamendigapolitica.com\/?p=52768\">Seguir leyendo<\/a><\/p>\n","protected":false},"author":1,"featured_media":0,"comment_status":"open","ping_status":"closed","sticky":false,"template":"","format":"standard","meta":{"footnotes":""},"categories":[6,36,20,31,37,5,3,27],"tags":[],"class_list":["post-52768","post","type-post","status-publish","format-standard","hentry","category-congreso","category-espectaculos","category-gobierno","category-internacional","category-nacional","category-partidos","category-politica","category-seguridad","item-wrap"],"_links":{"self":[{"href":"https:\/\/lamendigapolitica.com\/index.php?rest_route=\/wp\/v2\/posts\/52768","targetHints":{"allow":["GET"]}}],"collection":[{"href":"https:\/\/lamendigapolitica.com\/index.php?rest_route=\/wp\/v2\/posts"}],"about":[{"href":"https:\/\/lamendigapolitica.com\/index.php?rest_route=\/wp\/v2\/types\/post"}],"author":[{"embeddable":true,"href":"https:\/\/lamendigapolitica.com\/index.php?rest_route=\/wp\/v2\/users\/1"}],"replies":[{"embeddable":true,"href":"https:\/\/lamendigapolitica.com\/index.php?rest_route=%2Fwp%2Fv2%2Fcomments&post=52768"}],"version-history":[{"count":1,"href":"https:\/\/lamendigapolitica.com\/index.php?rest_route=\/wp\/v2\/posts\/52768\/revisions"}],"predecessor-version":[{"id":52770,"href":"https:\/\/lamendigapolitica.com\/index.php?rest_route=\/wp\/v2\/posts\/52768\/revisions\/52770"}],"wp:attachment":[{"href":"https:\/\/lamendigapolitica.com\/index.php?rest_route=%2Fwp%2Fv2%2Fmedia&parent=52768"}],"wp:term":[{"taxonomy":"category","embeddable":true,"href":"https:\/\/lamendigapolitica.com\/index.php?rest_route=%2Fwp%2Fv2%2Fcategories&post=52768"},{"taxonomy":"post_tag","embeddable":true,"href":"https:\/\/lamendigapolitica.com\/index.php?rest_route=%2Fwp%2Fv2%2Ftags&post=52768"}],"curies":[{"name":"wp","href":"https:\/\/api.w.org\/{rel}","templated":true}]}}