{"id":52642,"date":"2018-03-22T15:44:28","date_gmt":"2018-03-22T21:44:28","guid":{"rendered":"http:\/\/lamendigapolitica.com\/blog\/?p=52642"},"modified":"2018-03-22T15:44:28","modified_gmt":"2018-03-22T21:44:28","slug":"que-paso-con-zamora-y-francisco-ayon","status":"publish","type":"post","link":"https:\/\/lamendigapolitica.com\/?p=52642","title":{"rendered":"\u00bfQu\u00e9 pas\u00f3 con Zamora y Francisco Ay\u00f3n?"},"content":{"rendered":"<p><a href=\"https:\/\/lamendigapolitica.com\/blog\/blog\/wp-content\/uploads\/2018\/03\/gabo-6.jpg\" rel=\"attachment wp-att-52643\"><img loading=\"lazy\" decoding=\"async\" class=\"alignleft size-thumbnail wp-image-52643\" src=\"https:\/\/lamendigapolitica.com\/blog\/blog\/wp-content\/uploads\/2018\/03\/gabo-6-150x150.jpg\" alt=\"gabo\" width=\"150\" height=\"150\" \/><\/a><\/p>\n<h2><span style=\"color: #800000;\">PUNTO CR\u00cdTICO\/Gabriel Torres Espinoza<\/span><\/h2>\n<p>Dos de los priistas que han detentado mayor poder pol\u00edtico en Jalisco, quedaron mal parados. En la lista de diputados federales de Representaci\u00f3n Proporcional del PRI en la primera circunscripci\u00f3n, Arturo Zamora, \u00a1l\u00edder nacional! de la Confederaci\u00f3n de Organizaciones Populares (CNOP), termin\u00f3 relegado en un onceavo sitio.<\/p>\n<p>Mientras que en el listado local de Representaci\u00f3n Proporcional del PRI, Francisco Ay\u00f3n, el Ex Secretario de Educaci\u00f3n (y un largo etc\u00e9tera de cargos mas), no apareci\u00f3 en la lista. Como consecuencia, renunci\u00f3 a su candidatura en el Distrito 08.<\/p>\n<p>En cambio, la jalisciense Hortensia Noro\u00f1a consigue el sexto lugar en la lista proporcional de Diputados Federales en la primera circunscripci\u00f3n. A la vez que Manuel Alfaro, secretario privado del gobernador, se queda con el cuarto sitio de la lista para diputados locales proporcionales.<\/p>\n<p>Ambos actores est\u00e1n distantes del capital pol\u00edtico, el poder y el activismo p\u00fablico que tanto Zamora como Ay\u00f3n detentaron durante los \u00faltimos cinco a\u00f1os. No obstante, parece que \u201cla revoluci\u00f3n no les hizo justicia\u201d. En ambos existe una constante.<\/p>\n<p>Tanto Zamora como Francisco Ay\u00f3n debieron ser candidatos de mayor\u00eda, debido al enorme capital pol\u00edtico que sus grupos les permitieron acumular. Bajo su responsabilidad estuvieron fuertes recursos econ\u00f3micos, posiciones para sus allegados en las n\u00f3minas estatales y federales, exposici\u00f3n a los medios de comunicaci\u00f3n y una agenda propia que en libertad pudieron delinear.<\/p>\n<p>Los dos registran bien en las encuestas, y el PRI se pudo beneficiar de su trayectoria para competir, ahora, bajo estas circunstancias adversas. El caso es que, ambos, deseaban cargos, pero s\u00f3lo \u2018a la segura\u2019. Buscaban la proporcional plurinominal y, adem\u00e1s, en las primeras posiciones de la lista.<\/p>\n<p>La m\u00e1s elemental l\u00f3gica indicar\u00eda que si se les concedi\u00f3 tanto respaldo pol\u00edtico en los \u00faltimos cinco a\u00f1os, tanto Zamora como Ay\u00f3n, debieron construir el activo para asegurar su futuro\u2026 con votos. Esos que en democracia se consiguen al hacer pol\u00edtica en condiciones \u00f3ptimas o deseables (con dinero y poder), como las que efectivamente estos dos actores disfrutaron por cinco a\u00f1os, en cargos p\u00fablicos de gran envergadura para formar equipos, reputaci\u00f3n, estructura y capital electoral.<\/p>\n<p>Sus respectivos jefes, el presidente de la Rep\u00fablica (de Zamora) y el gobernador de Jalisco (de Ay\u00f3n), los alentaron con notable simpat\u00eda. Sin embargo, cuando el partido que los llev\u00f3 al poder los requiri\u00f3, mismo que les dio amplia visibilidad y activos en la pol\u00edtica, ambos decidieron NO competir&#8230;<\/p>\n<p>Los primeros lugares de la lista significan un premio. As\u00ed es debido a que las primeras posiciones del listado proporcional, determinan tambi\u00e9n las posibilidades reales de acceso a una diputaci\u00f3n, sin tener que competir \u2013y tallarse- por ganar una elecci\u00f3n de mayor\u00eda.<\/p>\n<p>Pero sus respectivos jefes, el presidente de la Rep\u00fablica y el gobernador de Jalisco -a los que dicen que admiran-, est\u00e1n ah\u00ed por que ganaron previamente varias elecciones. El presidente de la Rep\u00fablica y el gobernador, no llegaron a sus cargos debido a una lista donde los coloc\u00f3 alg\u00fan padrino. A ellos les toc\u00f3 abrirse paso en elecciones re\u00f1idas, bajo los riesgos propios de la competencia democr\u00e1tica por el poder.<\/p>\n<p>Los cargos, recursos y equipos que le confirieron a Zamora y Ay\u00f3n, debieron ser suficientes para construir su futuro\u2026 pero con votos. Esos sufragios que ahora ellos parecen indispuestos a buscar en la calle, debido a un ambiente de competencia electoral feroz, que los inhibe.<\/p>\n<p>La formaci\u00f3n pol\u00edtica robusta de Zamora, como la de Ay\u00f3n, est\u00e1 fuera de duda. Su capacidad como operadores, y pol\u00edticos carism\u00e1ticos, se refleja en todas las encuestas. Han podido acumular dinero y poder, para no ser, como dir\u00eda Hank Gonz\u00e1lez, pobres pol\u00edticos. Siempre \u2013hay que subrayarlo- bajo el consentimiento de sus jefes.<\/p>\n<p>Sus simpatizantes y seguidores los esperaron ansiosos para competir en el proceso electoral, los consideraron buenas opciones para su partido. Pero, la verdad, ambos no quisieron arriesgarse. Hicieron todo lo posible por no ser candidatos de mayor\u00eda. As\u00ed que las listas proporcionales pueden ser un premio. Un mal sitio, o no estar en ellas, sin duda tambi\u00e9n, un castigo\u2026<\/p>\n<h3>Director General de la Operadora del SURTyC de la U de G<\/h3>\n<h3>@Gabriel_TorresE<\/h3>\n","protected":false},"excerpt":{"rendered":"<p>PUNTO CR\u00cdTICO\/Gabriel Torres Espinoza Dos de los priistas que han detentado mayor poder pol\u00edtico en Jalisco, quedaron mal parados. En la lista de diputados federales de Representaci\u00f3n Proporcional del PRI en la primera circunscripci\u00f3n, Arturo Zamora, \u00a1l\u00edder nacional! de la Confederaci\u00f3n de Organizaciones Populares (CNOP), termin\u00f3 relegado en un onceavo sitio. Mientras que en el &hellip; <\/p>\n<p><a class=\"more-link btn\" href=\"https:\/\/lamendigapolitica.com\/?p=52642\">Seguir leyendo<\/a><\/p>\n","protected":false},"author":1,"featured_media":0,"comment_status":"open","ping_status":"closed","sticky":false,"template":"","format":"standard","meta":{"footnotes":""},"categories":[1,6,26,30,28,36,20,31,38,37,5,3,27],"tags":[],"class_list":["post-52642","post","type-post","status-publish","format-standard","hentry","category-columnista","category-congreso","category-cultura","category-economia","category-educacion","category-espectaculos","category-gobierno","category-internacional","category-movilidad","category-nacional","category-partidos","category-politica","category-seguridad","item-wrap"],"_links":{"self":[{"href":"https:\/\/lamendigapolitica.com\/index.php?rest_route=\/wp\/v2\/posts\/52642","targetHints":{"allow":["GET"]}}],"collection":[{"href":"https:\/\/lamendigapolitica.com\/index.php?rest_route=\/wp\/v2\/posts"}],"about":[{"href":"https:\/\/lamendigapolitica.com\/index.php?rest_route=\/wp\/v2\/types\/post"}],"author":[{"embeddable":true,"href":"https:\/\/lamendigapolitica.com\/index.php?rest_route=\/wp\/v2\/users\/1"}],"replies":[{"embeddable":true,"href":"https:\/\/lamendigapolitica.com\/index.php?rest_route=%2Fwp%2Fv2%2Fcomments&post=52642"}],"version-history":[{"count":2,"href":"https:\/\/lamendigapolitica.com\/index.php?rest_route=\/wp\/v2\/posts\/52642\/revisions"}],"predecessor-version":[{"id":52645,"href":"https:\/\/lamendigapolitica.com\/index.php?rest_route=\/wp\/v2\/posts\/52642\/revisions\/52645"}],"wp:attachment":[{"href":"https:\/\/lamendigapolitica.com\/index.php?rest_route=%2Fwp%2Fv2%2Fmedia&parent=52642"}],"wp:term":[{"taxonomy":"category","embeddable":true,"href":"https:\/\/lamendigapolitica.com\/index.php?rest_route=%2Fwp%2Fv2%2Fcategories&post=52642"},{"taxonomy":"post_tag","embeddable":true,"href":"https:\/\/lamendigapolitica.com\/index.php?rest_route=%2Fwp%2Fv2%2Ftags&post=52642"}],"curies":[{"name":"wp","href":"https:\/\/api.w.org\/{rel}","templated":true}]}}