{"id":52582,"date":"2018-03-15T14:48:56","date_gmt":"2018-03-15T20:48:56","guid":{"rendered":"http:\/\/lamendigapolitica.com\/blog\/?p=52582"},"modified":"2018-06-07T15:28:53","modified_gmt":"2018-06-07T20:28:53","slug":"psicoperfil-de-guillermo-del-toro","status":"publish","type":"post","link":"https:\/\/lamendigapolitica.com\/?p=52582","title":{"rendered":"PSICOPERFIL de Guillermo del Toro, lo que hay detr\u00e1s de los monstruos"},"content":{"rendered":"<p><a href=\"https:\/\/lamendigapolitica.com\/blog\/blog\/wp-content\/uploads\/2018\/03\/collageperfil.jpg\" rel=\"attachment wp-att-52586\"><img loading=\"lazy\" decoding=\"async\" class=\"alignleft size-thumbnail wp-image-52586\" src=\"https:\/\/lamendigapolitica.com\/blog\/blog\/wp-content\/uploads\/2018\/03\/collageperfil-150x150.jpg\" alt=\"collageperfil\" width=\"150\" height=\"150\" \/><\/a><\/p>\n<h2><span style=\"color: #999999;\">PSICOPERFIL\/Manuel Mancera<\/span><\/h2>\n<h3>Guillermo del Toro<\/h3>\n<p>El doble ganador del premio Oscar, tapat\u00edo y mexicano, director, escritor, productor, dise\u00f1ador, y dem\u00e1s, Guillermo del Toro tiene una personalidad externa que deslumbra, pero por dentro qui\u00e9n es Guillermo del Toro, el an\u00e1lisis detr\u00e1s del hombre que crea monstruos y lo que esconde tras de ellos.<\/p>\n<h3>1. PATRONES DE PENSAMIENTO<\/h3>\n<p>Su proceso mental de creatividad es poco com\u00fan, tal vez se encuentre solamente en un 5 por ciento de la poblaci\u00f3n general.<\/p>\n<div class=\"text_exposed_show\">\n<p>Guillermo del Toro, posee inteligencia volitiva, la facultad de fijarse metas y lograrlas, no desfallece su emoci\u00f3n interna.<\/p>\n<p>Posee un muy buen nivel de energ\u00eda.<\/p>\n<p><a href=\"https:\/\/lamendigapolitica.com\/blog\/blog\/wp-content\/uploads\/2018\/03\/guillermo-del-toro1.jpeg\" rel=\"attachment wp-att-53415\"><img loading=\"lazy\" decoding=\"async\" class=\"aligncenter size-full wp-image-53415\" src=\"https:\/\/lamendigapolitica.com\/blog\/blog\/wp-content\/uploads\/2018\/03\/guillermo-del-toro1.jpeg\" alt=\"guillermo-del-toro1\" width=\"1024\" height=\"696\" srcset=\"https:\/\/lamendigapolitica.com\/wp-content\/uploads\/2018\/03\/guillermo-del-toro1.jpeg 1024w, https:\/\/lamendigapolitica.com\/wp-content\/uploads\/2018\/03\/guillermo-del-toro1-300x204.jpeg 300w, https:\/\/lamendigapolitica.com\/wp-content\/uploads\/2018\/03\/guillermo-del-toro1-768x522.jpeg 768w\" sizes=\"auto, (max-width: 1024px) 100vw, 1024px\" \/><\/a><\/p>\n<h3>2. PATRONES PARA PERCIBIR LA REALIDAD<\/h3>\n<p>Se identifica con el pavorreal, por su fina belleza, porque la realeza los prefiere por su exotismo y elegancia, y por que su presencia adorna sus jardines.<\/p>\n<p>Tiene muy marcado sentido del honor, valora el trabajo, la amistad y la familia.<\/p>\n<p>Sabe vivir la vida con intensidad.<\/p>\n<h3>3. PATRONES DE SENTIMIENTOS GUARDADOS<\/h3>\n<p>Su tal\u00f3n de Aquiles, es su sentimiento de vac\u00edo que busca compensar con el logro.<\/p>\n<p>Quisiera necesita ser amado m\u00e1s por lo que es y no por lo que hace.<br \/>\nSensible a las cr\u00edticas negativas.<\/p>\n<h3>4. PATRONES HACIA EL TRABAJO Y LAS FINANZAS<\/h3>\n<p>Se le dificulta bajar el ritmo de trabajo, pues a toda costa evita que aflore los sentimiento de dolor o la pena de la p\u00e9rdida o ausencia de alg\u00fan ser muy querido.<\/p>\n<p>Trabaja sobre objetivos, siempre desesperadamente busca la imagen del \u00e9xito, para ser aceptado.<\/p>\n<h3>5. PATRONES DE LIDERAZGO<\/h3>\n<p>Es de creatividad muy independiente e innovadora, no le gusta hacer las cosas porque as\u00ed se han hecho tradicionalmente.<\/p>\n<p>Si alguien, quien quiera que sea, trata de decirle como hacer las cosas se da por ofendido y humillado.<\/p>\n<p>Sabe trasmitir optimismo, pasi\u00f3n, es competitivo profesional.<\/p>\n<p>Sabe como adquirir la imagen que los dem\u00e1s admiran.<\/p>\n<p>Tiene potencial para apoyar y entusiasmar a los dem\u00e1s.<\/p>\n<p>Es buen amigo.<\/p>\n<p><a href=\"https:\/\/lamendigapolitica.com\/blog\/blog\/wp-content\/uploads\/2018\/03\/Guillermo-del-Toro-asegura-haber-visto-OVNIs-y-escuchado-fantasmas_landscape.jpg\" rel=\"attachment wp-att-53416\"><img loading=\"lazy\" decoding=\"async\" class=\"aligncenter size-full wp-image-53416\" src=\"https:\/\/lamendigapolitica.com\/blog\/blog\/wp-content\/uploads\/2018\/03\/Guillermo-del-Toro-asegura-haber-visto-OVNIs-y-escuchado-fantasmas_landscape.jpg\" alt=\"Guillermo-del-Toro-asegura-haber-visto-OVNIs-y-escuchado-fantasmas_landscape\" width=\"600\" height=\"387\" srcset=\"https:\/\/lamendigapolitica.com\/wp-content\/uploads\/2018\/03\/Guillermo-del-Toro-asegura-haber-visto-OVNIs-y-escuchado-fantasmas_landscape.jpg 600w, https:\/\/lamendigapolitica.com\/wp-content\/uploads\/2018\/03\/Guillermo-del-Toro-asegura-haber-visto-OVNIs-y-escuchado-fantasmas_landscape-300x194.jpg 300w\" sizes=\"auto, (max-width: 600px) 100vw, 600px\" \/><\/a><\/p>\n<h3>6. PATRONES DE EXPRESI\u00d3N<\/h3>\n<p>Posee una actitud moderada en el comportamiento, de temperamento flem\u00e1tico, tiene sensibilidad art\u00edstica y est\u00e9tica.<\/p>\n<p>Tiene un tipo de personalidad muy creativa m\u00e1s bien orientada a la b\u00fasqueda del estatus.<\/p>\n<p>Muy proclive a la cultura.<\/p>\n<h3>7. PATRONES PARA ENFRENTAR LOS RETOS Y CONFLICTOS<\/h3>\n<p>Posee una marcada habilidad y destreza para definir y cumplir metas de alto perfil que se miden por resultados.<\/p>\n<p>Est\u00e1 instalado en el presente, tiene confianza en el futuro.<\/p>\n<p>Pasa con cierta rapidez de la idea a la acci\u00f3n.<\/p>\n<p>&#8212;&#8212;&#8212;&#8212;&#8212;&#8212;&#8212;-0&#8212;&#8212;&#8212;&#8212;&#8212;&#8212;&#8212;&#8211;0&#8212;&#8212;&#8212;&#8212;&#8212;&#8212;0&#8212;&#8212;&#8212;&#8212;&#8212;&#8212;&#8212;&#8212;&#8212;&#8212;&#8211;0&#8212;&#8212;&#8212;&#8212;&#8212;&#8212;&#8212;&#8212;&#8212;<br \/>\n<strong>Manuel Mancera Angulo. Estudi\u00f3 ciencias de la comunicaci\u00f3n en el ITESO Guadalajara.<\/strong><\/p>\n<p><strong>Se desempe\u00f1\u00f3 como investigador y analista de la Secretar\u00eda de Gobernaci\u00f3n.<\/strong><\/p>\n<p><strong>Actualmente es asesor externo de varias empresas en Guadalajara y en otros estados.<\/strong><\/p>\n<p><strong>Manuel Mancera es especialista en una rama de la psicolog\u00eda denominada psicomorfolog\u00eda facial, m\u00e9todo de evaluaci\u00f3n a trav\u00e9s de la rigurosa y sistem\u00e1tica observaci\u00f3n y an\u00e1lisis del rostro humano y sus rasgos faciales de forma integral que sin adjudicar valores absolutos a rasgos aislados del rostro y sus componentes, llega a un conocimiento cient\u00edfico de la personalidad de los individuos sin ser determinista ni adivinatorio.<\/strong><\/p>\n<\/div>\n","protected":false},"excerpt":{"rendered":"<p>PSICOPERFIL\/Manuel Mancera Guillermo del Toro El doble ganador del premio Oscar, tapat\u00edo y mexicano, director, escritor, productor, dise\u00f1ador, y dem\u00e1s, Guillermo del Toro tiene una personalidad externa que deslumbra, pero por dentro qui\u00e9n es Guillermo del Toro, el an\u00e1lisis detr\u00e1s del hombre que crea monstruos y lo que esconde tras de ellos. 1. PATRONES DE &hellip; <\/p>\n<p><a class=\"more-link btn\" href=\"https:\/\/lamendigapolitica.com\/?p=52582\">Seguir leyendo<\/a><\/p>\n","protected":false},"author":1,"featured_media":0,"comment_status":"open","ping_status":"closed","sticky":false,"template":"","format":"standard","meta":{"footnotes":""},"categories":[1,6,26,23,30,28,36,20,31,38,37,5,3,21,29,27,22,41,24],"tags":[],"class_list":["post-52582","post","type-post","status-publish","format-standard","hentry","category-columnista","category-congreso","category-cultura","category-deportes","category-economia","category-educacion","category-espectaculos","category-gobierno","category-internacional","category-movilidad","category-nacional","category-partidos","category-politica","category-religion","category-salud","category-seguridad","category-sociales","category-tecnologia","category-turismo","item-wrap"],"_links":{"self":[{"href":"https:\/\/lamendigapolitica.com\/index.php?rest_route=\/wp\/v2\/posts\/52582","targetHints":{"allow":["GET"]}}],"collection":[{"href":"https:\/\/lamendigapolitica.com\/index.php?rest_route=\/wp\/v2\/posts"}],"about":[{"href":"https:\/\/lamendigapolitica.com\/index.php?rest_route=\/wp\/v2\/types\/post"}],"author":[{"embeddable":true,"href":"https:\/\/lamendigapolitica.com\/index.php?rest_route=\/wp\/v2\/users\/1"}],"replies":[{"embeddable":true,"href":"https:\/\/lamendigapolitica.com\/index.php?rest_route=%2Fwp%2Fv2%2Fcomments&post=52582"}],"version-history":[{"count":7,"href":"https:\/\/lamendigapolitica.com\/index.php?rest_route=\/wp\/v2\/posts\/52582\/revisions"}],"predecessor-version":[{"id":53414,"href":"https:\/\/lamendigapolitica.com\/index.php?rest_route=\/wp\/v2\/posts\/52582\/revisions\/53414"}],"wp:attachment":[{"href":"https:\/\/lamendigapolitica.com\/index.php?rest_route=%2Fwp%2Fv2%2Fmedia&parent=52582"}],"wp:term":[{"taxonomy":"category","embeddable":true,"href":"https:\/\/lamendigapolitica.com\/index.php?rest_route=%2Fwp%2Fv2%2Fcategories&post=52582"},{"taxonomy":"post_tag","embeddable":true,"href":"https:\/\/lamendigapolitica.com\/index.php?rest_route=%2Fwp%2Fv2%2Ftags&post=52582"}],"curies":[{"name":"wp","href":"https:\/\/api.w.org\/{rel}","templated":true}]}}